{"id":24439,"date":"2015-02-21T14:48:39","date_gmt":"2015-02-21T12:48:39","guid":{"rendered":"http:\/\/www.sana.sy\/tr\/?p=24439"},"modified":"2015-02-21T14:49:11","modified_gmt":"2015-02-21T12:49:11","slug":"halk-kinama-ve-protesto-gosteri-duzenlerken-erdogan-desteklemeye-devam-ediyor","status":"publish","type":"post","link":"https:\/\/archive.sana.sy\/tr\/?p=24439","title":{"rendered":"Halk K\u0131nama ve Protesto G\u00f6steri D\u00fczenlerken, Erdo\u011fan Desteklemeye Devam Ediyor"},"content":{"rendered":"<p>HAMA \u2013 Hama k\u0131rsal\u0131n\u0131n Kefar Nabbuda Beldesinde onlarca ki\u015fi d\u00fcn b\u00f6lgesel rejimler taraf\u0131ndan desteklenen Nusra Cephesine kar\u015f\u0131 g\u00f6steri d\u00fczenledi.<\/p>\n<p>Belde ahalisi Nusra Cephesi \u00e7etelerinin tekfirci karanl\u0131k ideolojilerini ve bask\u0131lar\u0131n\u0131 reddederken, ter\u00f6ristlerin beldelerinden \u00e7\u0131kmalar\u0131n\u0131 talep etti.<\/p>\n<p>Yurdun muhtelif b\u00f6lgelerinde Kaide \u00d6rg\u00fct\u00fcn\u00fcn Suriye&#8217;deki kolu olan Nusra Cephesine kar\u015f\u0131 halk g\u00f6sterileri d\u00fczenlenirken, ba\u015fta T\u00fcrkiye&#8217;deki ihvanc\u0131 rejim ve siyonist \u0130srail olmak \u00fczere kimi devletler bu ter\u00f6r \u00e7etelere muhtelif t\u00fcr deste\u011fini s\u00fcrd\u00fcr\u00fcyor.<\/p>\n<p>A.A.<\/p>\n","protected":false},"excerpt":{"rendered":"<p>HAMA \u2013 Hama k\u0131rsal\u0131n\u0131n Kefar Nabbuda Beldesinde onlarca ki\u015fi d\u00fcn b\u00f6lgesel rejimler taraf\u0131ndan desteklenen Nusra Cephesine kar\u015f\u0131 g\u00f6steri d\u00fczenledi. Belde ahalisi Nusra Cephesi \u00e7etelerinin tekfirci karanl\u0131k ideolojilerini ve bask\u0131lar\u0131n\u0131 reddederken, ter\u00f6ristlerin beldelerinden \u00e7\u0131kmalar\u0131n\u0131 talep etti. Yurdun muhtelif b\u00f6lgelerinde Kaide \u00d6rg\u00fct\u00fcn\u00fcn Suriye&#8217;deki kolu olan Nusra Cephesine kar\u015f\u0131 halk g\u00f6sterileri d\u00fczenlenirken, ba\u015fta T\u00fcrkiye&#8217;deki ihvanc\u0131 rejim ve siyonist &hellip;<\/p>\n","protected":false},"author":1,"featured_media":24444,"comment_status":"closed","ping_status":"closed","sticky":false,"template":"","format":"standard","meta":{"footnotes":""},"categories":[479,575,478],"tags":[11686,11685],"class_list":["post-24439","post","type-post","status-publish","format-standard","has-post-thumbnail","","category-haberler-yerel","category-olaylar-ve-gercekler","category-yerel","tag-erdogan-desteklemeye-devam-ediyor-hama-hama-kirsalinin-kefar-nabbuda-beldesinde-onlarca-kisi-dun-bolgesel-rejimler-tarafindan-desteklenen-nusra-cephesine-karsi-gosteri-duzenledi","tag-halk-kinama-ve-protesto-gosteri-duzenlerken"],"_links":{"self":[{"href":"https:\/\/archive.sana.sy\/tr\/index.php?rest_route=\/wp\/v2\/posts\/24439","targetHints":{"allow":["GET"]}}],"collection":[{"href":"https:\/\/archive.sana.sy\/tr\/index.php?rest_route=\/wp\/v2\/posts"}],"about":[{"href":"https:\/\/archive.sana.sy\/tr\/index.php?rest_route=\/wp\/v2\/types\/post"}],"author":[{"embeddable":true,"href":"https:\/\/archive.sana.sy\/tr\/index.php?rest_route=\/wp\/v2\/users\/1"}],"replies":[{"embeddable":true,"href":"https:\/\/archive.sana.sy\/tr\/index.php?rest_route=%2Fwp%2Fv2%2Fcomments&post=24439"}],"version-history":[{"count":0,"href":"https:\/\/archive.sana.sy\/tr\/index.php?rest_route=\/wp\/v2\/posts\/24439\/revisions"}],"wp:featuredmedia":[{"embeddable":true,"href":"https:\/\/archive.sana.sy\/tr\/index.php?rest_route=\/wp\/v2\/media\/24444"}],"wp:attachment":[{"href":"https:\/\/archive.sana.sy\/tr\/index.php?rest_route=%2Fwp%2Fv2%2Fmedia&parent=24439"}],"wp:term":[{"taxonomy":"category","embeddable":true,"href":"https:\/\/archive.sana.sy\/tr\/index.php?rest_route=%2Fwp%2Fv2%2Fcategories&post=24439"},{"taxonomy":"post_tag","embeddable":true,"href":"https:\/\/archive.sana.sy\/tr\/index.php?rest_route=%2Fwp%2Fv2%2Ftags&post=24439"}],"curies":[{"name":"wp","href":"https:\/\/api.w.org\/{rel}","templated":true}]}}