{"id":24445,"date":"2015-02-21T15:06:36","date_gmt":"2015-02-21T13:06:36","guid":{"rendered":"http:\/\/www.sana.sy\/tr\/?p=24445"},"modified":"2015-02-21T15:06:36","modified_gmt":"2015-02-21T13:06:36","slug":"iki-ordu-arasinda-koordinasyon-sarttir","status":"publish","type":"post","link":"https:\/\/archive.sana.sy\/tr\/?p=24445","title":{"rendered":"\u0130ki Ordu Aras\u0131nda Koordinasyon \u015eartt\u0131r"},"content":{"rendered":"<p>BEYRUT \u2013 L\u00fcbnan K\u00fclt\u00fcr Bakan\u0131 Rimon Ureyci L\u00fcbnan&#8217;\u0131n do\u011fusu Ersal Beldesi ve civar da\u011flarda mevcut ter\u00f6ristlere kar\u015f\u0131 koymada L\u00fcbnan ve Suriye ordular\u0131 aras\u0131nda koordinasyon ve i\u015fbirli\u011finin ka\u00e7\u0131n\u0131lmaz bir gereklilik oldu\u011funu belirtti.<\/p>\n<p>Bakan Ureyci bug\u00fcn yapt\u0131\u011f\u0131 televizyon a\u00e7\u0131klamalar\u0131nda bu koordinasyon ve i\u015fbirli\u011fi \u00f6n\u00fcnde hi\u00e7bir engelin bulunmad\u0131\u011f\u0131na dikkat \u00e7ekti.<\/p>\n<p>L\u00fcbnan&#8217;\u0131n \u00f6n\u00fcnde zor bir s\u00fcre\u00e7 oldu\u011funa, dolay\u0131s\u0131yla ter\u00f6re kar\u015f\u0131 m\u00fccadelenin b\u00fcy\u00fck bir \u00f6nem ta\u015f\u0131d\u0131\u011f\u0131na dikkat \u00e7eken L\u00fcbnanl\u0131 bakan; ter\u00f6r\u00fcn L\u00fcbnan ve L\u00fcbnanl\u0131lara ciddi bir tehlike te\u015fkil etti\u011fini belirtti.<\/p>\n<p>A.A.<\/p>\n","protected":false},"excerpt":{"rendered":"<p>BEYRUT \u2013 L\u00fcbnan K\u00fclt\u00fcr Bakan\u0131 Rimon Ureyci L\u00fcbnan&#8217;\u0131n do\u011fusu Ersal Beldesi ve civar da\u011flarda mevcut ter\u00f6ristlere kar\u015f\u0131 koymada L\u00fcbnan ve Suriye ordular\u0131 aras\u0131nda koordinasyon ve i\u015fbirli\u011finin ka\u00e7\u0131n\u0131lmaz bir gereklilik oldu\u011funu belirtti. Bakan Ureyci bug\u00fcn yapt\u0131\u011f\u0131 televizyon a\u00e7\u0131klamalar\u0131nda bu koordinasyon ve i\u015fbirli\u011fi \u00f6n\u00fcnde hi\u00e7bir engelin bulunmad\u0131\u011f\u0131na dikkat \u00e7ekti. L\u00fcbnan&#8217;\u0131n \u00f6n\u00fcnde zor bir s\u00fcre\u00e7 oldu\u011funa, dolay\u0131s\u0131yla ter\u00f6re &hellip;<\/p>\n","protected":false},"author":1,"featured_media":24446,"comment_status":"closed","ping_status":"closed","sticky":false,"template":"","format":"standard","meta":{"footnotes":""},"categories":[458,459,447],"tags":[11687],"class_list":["post-24445","post","type-post","status-publish","format-standard","has-post-thumbnail","","category-dunya1","category-haberler-arap-uluslararasi-politika","category-politika","tag-iki-ordu-arasinda-koordinasyon-sarttir-beyrut-lubnan-kultur-bakani-rimon-ureyci-lubnanin-dogusu-ersal-beldesi-ve-civar-daglarda-mevcut-teroristlere-karsi-koymada-lubnan-ve-suriye-ordulari-a"],"_links":{"self":[{"href":"https:\/\/archive.sana.sy\/tr\/index.php?rest_route=\/wp\/v2\/posts\/24445","targetHints":{"allow":["GET"]}}],"collection":[{"href":"https:\/\/archive.sana.sy\/tr\/index.php?rest_route=\/wp\/v2\/posts"}],"about":[{"href":"https:\/\/archive.sana.sy\/tr\/index.php?rest_route=\/wp\/v2\/types\/post"}],"author":[{"embeddable":true,"href":"https:\/\/archive.sana.sy\/tr\/index.php?rest_route=\/wp\/v2\/users\/1"}],"replies":[{"embeddable":true,"href":"https:\/\/archive.sana.sy\/tr\/index.php?rest_route=%2Fwp%2Fv2%2Fcomments&post=24445"}],"version-history":[{"count":0,"href":"https:\/\/archive.sana.sy\/tr\/index.php?rest_route=\/wp\/v2\/posts\/24445\/revisions"}],"wp:featuredmedia":[{"embeddable":true,"href":"https:\/\/archive.sana.sy\/tr\/index.php?rest_route=\/wp\/v2\/media\/24446"}],"wp:attachment":[{"href":"https:\/\/archive.sana.sy\/tr\/index.php?rest_route=%2Fwp%2Fv2%2Fmedia&parent=24445"}],"wp:term":[{"taxonomy":"category","embeddable":true,"href":"https:\/\/archive.sana.sy\/tr\/index.php?rest_route=%2Fwp%2Fv2%2Fcategories&post=24445"},{"taxonomy":"post_tag","embeddable":true,"href":"https:\/\/archive.sana.sy\/tr\/index.php?rest_route=%2Fwp%2Fv2%2Ftags&post=24445"}],"curies":[{"name":"wp","href":"https:\/\/api.w.org\/{rel}","templated":true}]}}