{"id":244452,"date":"2021-10-11T14:09:29","date_gmt":"2021-10-11T11:09:29","guid":{"rendered":"http:\/\/107.6.182.27\/tr\/?p=244452"},"modified":"2021-10-13T08:18:49","modified_gmt":"2021-10-13T05:18:49","slug":"onlarca-israilli-yerlesimci-mescid-i-aksaya-yonelik-baskinlarini-yineledi","status":"publish","type":"post","link":"https:\/\/archive.sana.sy\/tr\/?p=244452","title":{"rendered":"Onlarca \u0130srailli Yerle\u015fimci Mescid-i Aksa&#8217;ya Y\u00f6nelik Bask\u0131nlar\u0131n\u0131 Yineledi"},"content":{"rendered":"<p style=\"text-align: justify;\">\u0130\u015eGAL ED\u0130LEN KUD\u00dcS &#8211; Onlarca \u0130srailli yerle\u015fimci bug\u00fcn Mescid-i Aksa&#8217;ya y\u00f6nelik bask\u0131nlar\u0131n\u0131 yineledi.<\/p>\n<p style=\"text-align: justify;\">VAFA Ajans\u0131, 132 yerle\u015fimcinin Bab el Me\u011faribe y\u00f6n\u00fcnden Mescid-i Aksa&#8217;ya bask\u0131n d\u00fczenlediklerini ve i\u015fgal kuvvetlerinin yo\u011fun korumas\u0131 alt\u0131nda Mescid&#8217;in avlusunda k\u0131\u015fk\u0131rt\u0131c\u0131 dini geleneklerini uygulad\u0131klar\u0131n\u0131 s\u00f6yledi.<\/p>\n","protected":false},"excerpt":{"rendered":"<p>\u0130\u015eGAL ED\u0130LEN KUD\u00dcS &#8211; Onlarca \u0130srailli yerle\u015fimci bug\u00fcn Mescid-i Aksa&#8217;ya y\u00f6nelik bask\u0131nlar\u0131n\u0131 yineledi. VAFA Ajans\u0131, 132 yerle\u015fimcinin Bab el Me\u011faribe y\u00f6n\u00fcnden Mescid-i Aksa&#8217;ya bask\u0131n d\u00fczenlediklerini ve i\u015fgal kuvvetlerinin yo\u011fun korumas\u0131 alt\u0131nda Mescid&#8217;in avlusunda k\u0131\u015fk\u0131rt\u0131c\u0131 dini geleneklerini uygulad\u0131klar\u0131n\u0131 s\u00f6yledi.<\/p>\n","protected":false},"author":1,"featured_media":244453,"comment_status":"closed","ping_status":"closed","sticky":false,"template":"","format":"standard","meta":{"footnotes":""},"categories":[458,459,17988],"tags":[],"class_list":["post-244452","post","type-post","status-publish","format-standard","has-post-thumbnail","","category-dunya1","category-haberler-arap-uluslararasi-politika","category-son-haberler"],"_links":{"self":[{"href":"https:\/\/archive.sana.sy\/tr\/index.php?rest_route=\/wp\/v2\/posts\/244452","targetHints":{"allow":["GET"]}}],"collection":[{"href":"https:\/\/archive.sana.sy\/tr\/index.php?rest_route=\/wp\/v2\/posts"}],"about":[{"href":"https:\/\/archive.sana.sy\/tr\/index.php?rest_route=\/wp\/v2\/types\/post"}],"author":[{"embeddable":true,"href":"https:\/\/archive.sana.sy\/tr\/index.php?rest_route=\/wp\/v2\/users\/1"}],"replies":[{"embeddable":true,"href":"https:\/\/archive.sana.sy\/tr\/index.php?rest_route=%2Fwp%2Fv2%2Fcomments&post=244452"}],"version-history":[{"count":0,"href":"https:\/\/archive.sana.sy\/tr\/index.php?rest_route=\/wp\/v2\/posts\/244452\/revisions"}],"wp:featuredmedia":[{"embeddable":true,"href":"https:\/\/archive.sana.sy\/tr\/index.php?rest_route=\/wp\/v2\/media\/244453"}],"wp:attachment":[{"href":"https:\/\/archive.sana.sy\/tr\/index.php?rest_route=%2Fwp%2Fv2%2Fmedia&parent=244452"}],"wp:term":[{"taxonomy":"category","embeddable":true,"href":"https:\/\/archive.sana.sy\/tr\/index.php?rest_route=%2Fwp%2Fv2%2Fcategories&post=244452"},{"taxonomy":"post_tag","embeddable":true,"href":"https:\/\/archive.sana.sy\/tr\/index.php?rest_route=%2Fwp%2Fv2%2Ftags&post=244452"}],"curies":[{"name":"wp","href":"https:\/\/api.w.org\/{rel}","templated":true}]}}