{"id":244455,"date":"2021-10-11T14:10:42","date_gmt":"2021-10-11T11:10:42","guid":{"rendered":"http:\/\/107.6.182.27\/tr\/?p=244455"},"modified":"2021-10-13T08:18:57","modified_gmt":"2021-10-13T05:18:57","slug":"golanli-vatandaslarimizdan-isgalci-israilin-yerlesimci-planlarina-yonelik-protesto-gosterisi","status":"publish","type":"post","link":"https:\/\/archive.sana.sy\/tr\/?p=244455","title":{"rendered":"Golanl\u0131 Vatanda\u015flar\u0131m\u0131zdan \u0130\u015fgalci \u0130srail&#8217;in Yerle\u015fimci Planlar\u0131na Y\u00f6nelik Protesto G\u00f6sterisi"},"content":{"rendered":"<p style=\"text-align: justify;\">\u0130\u015eGAL ED\u0130LEN SUR\u0130YEL\u0130 GOLAN &#8211; \u0130\u015fgal edilen Suriyeli Golan&#8217;da ya\u015fayan halk\u0131m\u0131z, \u0130srail i\u015fgalinin topraklar\u0131ndaki yerle\u015fim planlar\u0131n\u0131 protesto edip reddederek bug\u00fcn Mas&#8217;ada k\u00f6y\u00fcnde oturma eylemi d\u00fczenledi. Halk\u0131m\u0131z, i\u015fgalin onlar\u0131 zorla yerlerinden etme giri\u015fimleri kar\u015f\u0131s\u0131nda her toprak zerreci\u011fine ba\u011fl\u0131l\u0131klar\u0131n\u0131 ve kararl\u0131l\u0131klar\u0131n\u0131 belirttiler.<\/p>\n<p style=\"text-align: justify;\">Oturma eylemi, i\u015fgal otoritesi h\u00fckumetinin bug\u00fcn i\u015fgal alt\u0131ndaki Golan&#8217;da yerle\u015fim operasyonlar\u0131n\u0131 geni\u015fletmek i\u00e7in provokatif bir toplant\u0131 yapmas\u0131n\u0131 ve b\u00f6lgedeki yerle\u015fimci say\u0131s\u0131n\u0131 40&#8217;tan 100 bine \u00e7\u0131karmak amac\u0131yla 7 bin yeni yerle\u015fim birimi kurma plan\u0131n\u0131 duyurmas\u0131n\u0131 protesto ediyor.<\/p>\n<p style=\"text-align: justify;\">\u0130\u015fgalci \u0130srail&#8217;in Golan&#8217;daki demografik ve co\u011frafi karakteri de\u011fi\u015ftirme planlar\u0131n\u0131n \u00e7er\u00e7evesini, uluslararas\u0131 me\u015fruiyet kararlar ve Birle\u015fmi\u015f Milletler Misak\u0131&#8217;n\u0131 a\u00e7\u0131k\u00e7a ihlalle, Mecdel \u015eems, Ayn K\u0131nye, Bak&#8217;ata ve Mas&#8217;ada k\u00f6ylerinin yakla\u015f\u0131k alt\u0131 bin d\u00f6n\u00fcml\u00fck arazisine 46 hava t\u00fcrbini kurma plan\u0131n\u0131n reddi olarak geliyor.<\/p>\n","protected":false},"excerpt":{"rendered":"<p>\u0130\u015eGAL ED\u0130LEN SUR\u0130YEL\u0130 GOLAN &#8211; \u0130\u015fgal edilen Suriyeli Golan&#8217;da ya\u015fayan halk\u0131m\u0131z, \u0130srail i\u015fgalinin topraklar\u0131ndaki yerle\u015fim planlar\u0131n\u0131 protesto edip reddederek bug\u00fcn Mas&#8217;ada k\u00f6y\u00fcnde oturma eylemi d\u00fczenledi. Halk\u0131m\u0131z, i\u015fgalin onlar\u0131 zorla yerlerinden etme giri\u015fimleri kar\u015f\u0131s\u0131nda her toprak zerreci\u011fine ba\u011fl\u0131l\u0131klar\u0131n\u0131 ve kararl\u0131l\u0131klar\u0131n\u0131 belirttiler. Oturma eylemi, i\u015fgal otoritesi h\u00fckumetinin bug\u00fcn i\u015fgal alt\u0131ndaki Golan&#8217;da yerle\u015fim operasyonlar\u0131n\u0131 geni\u015fletmek i\u00e7in provokatif bir &hellip;<\/p>\n","protected":false},"author":1,"featured_media":244456,"comment_status":"closed","ping_status":"closed","sticky":false,"template":"","format":"standard","meta":{"footnotes":""},"categories":[479,17988,478],"tags":[],"class_list":["post-244455","post","type-post","status-publish","format-standard","has-post-thumbnail","","category-haberler-yerel","category-son-haberler","category-yerel"],"_links":{"self":[{"href":"https:\/\/archive.sana.sy\/tr\/index.php?rest_route=\/wp\/v2\/posts\/244455","targetHints":{"allow":["GET"]}}],"collection":[{"href":"https:\/\/archive.sana.sy\/tr\/index.php?rest_route=\/wp\/v2\/posts"}],"about":[{"href":"https:\/\/archive.sana.sy\/tr\/index.php?rest_route=\/wp\/v2\/types\/post"}],"author":[{"embeddable":true,"href":"https:\/\/archive.sana.sy\/tr\/index.php?rest_route=\/wp\/v2\/users\/1"}],"replies":[{"embeddable":true,"href":"https:\/\/archive.sana.sy\/tr\/index.php?rest_route=%2Fwp%2Fv2%2Fcomments&post=244455"}],"version-history":[{"count":0,"href":"https:\/\/archive.sana.sy\/tr\/index.php?rest_route=\/wp\/v2\/posts\/244455\/revisions"}],"wp:featuredmedia":[{"embeddable":true,"href":"https:\/\/archive.sana.sy\/tr\/index.php?rest_route=\/wp\/v2\/media\/244456"}],"wp:attachment":[{"href":"https:\/\/archive.sana.sy\/tr\/index.php?rest_route=%2Fwp%2Fv2%2Fmedia&parent=244455"}],"wp:term":[{"taxonomy":"category","embeddable":true,"href":"https:\/\/archive.sana.sy\/tr\/index.php?rest_route=%2Fwp%2Fv2%2Fcategories&post=244455"},{"taxonomy":"post_tag","embeddable":true,"href":"https:\/\/archive.sana.sy\/tr\/index.php?rest_route=%2Fwp%2Fv2%2Ftags&post=244455"}],"curies":[{"name":"wp","href":"https:\/\/api.w.org\/{rel}","templated":true}]}}