{"id":244461,"date":"2021-10-11T14:13:01","date_gmt":"2021-10-11T11:13:01","guid":{"rendered":"http:\/\/107.6.182.27\/tr\/?p=244461"},"modified":"2021-10-13T08:20:23","modified_gmt":"2021-10-13T05:20:23","slug":"dubrava-avrupa-birligi-washingtonun-suriyeyi-sabote-etmede-ortaktir","status":"publish","type":"post","link":"https:\/\/archive.sana.sy\/tr\/?p=244461","title":{"rendered":"Dubrava: Avrupa Birli\u011fi, Washington&#8217;un Suriye&#8217;yi Sabote Etmede Ortakt\u0131r"},"content":{"rendered":"<p style=\"text-align: justify;\">PRAG &#8211; \u00c7ekli Senat\u00f6r Yaroslav Dubrava, Avrupa Birli\u011fi&#8217;nin Suriye&#8217;yi ve di\u011fer \u00fclkeleri sabote etmede ABD&#8217;nin bir orta\u011f\u0131 oldu\u011funu belirterek, bunun onlar i\u00e7in bir utan\u00e7 kayna\u011f\u0131 oldu\u011funu vurgulad\u0131.<\/p>\n<p style=\"text-align: justify;\">Dubrava, &#8220;Awail Al-Akhbar Al-Youm&#8221; internet sitesinde yer alan bir makalede, bir\u00e7ok ki\u015finin Kuzey Atlantik Pakt\u0131 (NATO) ve Avrupa Birli\u011fi&#8217;nin Suriye, Irak, Libya, eski Yugoslavya ve Afganistan&#8217;daki ABD&#8217;nin y\u0131k\u0131c\u0131 uygulamalar\u0131 nedeniyle hayal k\u0131r\u0131kl\u0131\u011f\u0131na u\u011frad\u0131\u011f\u0131na dikkat \u00e7ekti.<\/p>\n<p style=\"text-align: justify;\">Dubrava ayr\u0131ca, Avrupa Birli\u011fi&#8217;nin \u00c7ek Cumhuriyeti&#8217;nin Rusya taraf\u0131ndan tehdit edildi\u011fini iddia ederken yalan s\u00f6yledi\u011fine dikkat \u00e7ekti<\/p>\n","protected":false},"excerpt":{"rendered":"<p>PRAG &#8211; \u00c7ekli Senat\u00f6r Yaroslav Dubrava, Avrupa Birli\u011fi&#8217;nin Suriye&#8217;yi ve di\u011fer \u00fclkeleri sabote etmede ABD&#8217;nin bir orta\u011f\u0131 oldu\u011funu belirterek, bunun onlar i\u00e7in bir utan\u00e7 kayna\u011f\u0131 oldu\u011funu vurgulad\u0131. Dubrava, &#8220;Awail Al-Akhbar Al-Youm&#8221; internet sitesinde yer alan bir makalede, bir\u00e7ok ki\u015finin Kuzey Atlantik Pakt\u0131 (NATO) ve Avrupa Birli\u011fi&#8217;nin Suriye, Irak, Libya, eski Yugoslavya ve Afganistan&#8217;daki ABD&#8217;nin y\u0131k\u0131c\u0131 &hellip;<\/p>\n","protected":false},"author":1,"featured_media":244462,"comment_status":"closed","ping_status":"closed","sticky":false,"template":"","format":"standard","meta":{"footnotes":""},"categories":[458,459,17988],"tags":[],"class_list":["post-244461","post","type-post","status-publish","format-standard","has-post-thumbnail","","category-dunya1","category-haberler-arap-uluslararasi-politika","category-son-haberler"],"_links":{"self":[{"href":"https:\/\/archive.sana.sy\/tr\/index.php?rest_route=\/wp\/v2\/posts\/244461","targetHints":{"allow":["GET"]}}],"collection":[{"href":"https:\/\/archive.sana.sy\/tr\/index.php?rest_route=\/wp\/v2\/posts"}],"about":[{"href":"https:\/\/archive.sana.sy\/tr\/index.php?rest_route=\/wp\/v2\/types\/post"}],"author":[{"embeddable":true,"href":"https:\/\/archive.sana.sy\/tr\/index.php?rest_route=\/wp\/v2\/users\/1"}],"replies":[{"embeddable":true,"href":"https:\/\/archive.sana.sy\/tr\/index.php?rest_route=%2Fwp%2Fv2%2Fcomments&post=244461"}],"version-history":[{"count":0,"href":"https:\/\/archive.sana.sy\/tr\/index.php?rest_route=\/wp\/v2\/posts\/244461\/revisions"}],"wp:featuredmedia":[{"embeddable":true,"href":"https:\/\/archive.sana.sy\/tr\/index.php?rest_route=\/wp\/v2\/media\/244462"}],"wp:attachment":[{"href":"https:\/\/archive.sana.sy\/tr\/index.php?rest_route=%2Fwp%2Fv2%2Fmedia&parent=244461"}],"wp:term":[{"taxonomy":"category","embeddable":true,"href":"https:\/\/archive.sana.sy\/tr\/index.php?rest_route=%2Fwp%2Fv2%2Fcategories&post=244461"},{"taxonomy":"post_tag","embeddable":true,"href":"https:\/\/archive.sana.sy\/tr\/index.php?rest_route=%2Fwp%2Fv2%2Ftags&post=244461"}],"curies":[{"name":"wp","href":"https:\/\/api.w.org\/{rel}","templated":true}]}}