{"id":244511,"date":"2021-10-12T22:32:11","date_gmt":"2021-10-12T19:32:11","guid":{"rendered":"http:\/\/107.6.182.27\/tr\/?p=244511"},"modified":"2021-10-13T08:23:41","modified_gmt":"2021-10-13T05:23:41","slug":"ekonomik-ve-yatirim-isbirligini-gelistirmek-icin-suriye-iran-gorusmeleri","status":"publish","type":"post","link":"https:\/\/archive.sana.sy\/tr\/?p=244511","title":{"rendered":"Ekonomik Ve Yat\u0131r\u0131m \u0130\u015fbirli\u011fini Geli\u015ftirmek \u0130\u00e7in Suriye-\u0130ran G\u00f6r\u00fc\u015fmeleri"},"content":{"rendered":"<p style=\"text-align: justify;\">TAHRAN &#8211; Suriye&#8217;nin Tahran B\u00fcy\u00fckel\u00e7isi Dr. \u015eefik Deyyub, \u0130ran-Suriye Dostluk Komitesi ba\u015fkan\u0131 Ayetullah Hasan Ahteri ile ekonomik, yat\u0131r\u0131m ve teknolojik i\u015fbirli\u011fini geli\u015ftirmenin ve iki \u00fclke aras\u0131ndaki siyasi ve stratejik ili\u015fkiler d\u00fczeyine y\u00fckseltmenin yollar\u0131n\u0131 g\u00f6r\u00fc\u015ft\u00fc.<\/p>\n<p><a href=\"http:\/\/107.6.182.27\/tr\/wp-content\/uploads\/2021\/10\/2-12.jpg\"><img loading=\"lazy\" decoding=\"async\" class=\"size-medium wp-image-244513 alignright\" src=\"http:\/\/107.6.182.27\/tr\/wp-content\/uploads\/2021\/10\/2-12-300x169.jpg\" alt=\"\" width=\"300\" height=\"169\" srcset=\"https:\/\/archive.sana.sy\/tr\/wp-content\/uploads\/2021\/10\/2-12-300x169.jpg 300w, https:\/\/archive.sana.sy\/tr\/wp-content\/uploads\/2021\/10\/2-12-150x85.jpg 150w, https:\/\/archive.sana.sy\/tr\/wp-content\/uploads\/2021\/10\/2-12.jpg 660w\" sizes=\"auto, (max-width: 300px) 100vw, 300px\" \/><\/a><\/p>\n<p style=\"text-align: justify;\">B\u00fcy\u00fckel\u00e7i Deyyub, m\u00fcttefiklerin ve dostlar\u0131n deste\u011fiyle ter\u00f6rizme kar\u015f\u0131 elde edilen kazan\u0131mlar ve zaferler ile Suriye h\u00fck\u00fcmetinin Son y\u0131llarda Suriye&#8217;ye y\u00f6nelik ter\u00f6r sava\u015f\u0131nda ter\u00f6ristler taraf\u0131ndan y\u0131k\u0131lanlar\u0131 restore etme \u00e7abalar\u0131n\u0131n ard\u0131ndan, mevcut ve gelecekteki a\u015famada \u00e7al\u0131\u015fma ve koordinasyonun \u00f6nemini vurgulayarak, sanayi ve \u00fcretim sekt\u00f6r\u00fcn\u00fcn ter\u00f6ristler ve destek\u00e7ileri taraf\u0131ndan sistematik olarak hedef al\u0131nd\u0131\u011f\u0131na i\u015faret etti.<\/p>\n<p style=\"text-align: justify;\">B\u00fcy\u00fckel\u00e7i Deyyub, Suriye d\u00fc\u015fmanlar\u0131n\u0131n askeri hedeflerine ula\u015famamalar\u0131 \u00fczerine sava\u015flar\u0131n\u0131 ekonomik alana ta\u015f\u0131d\u0131klar\u0131na ve Suriyelilere tarihte bilinen en sert yapt\u0131r\u0131mlar\u0131 uygulad\u0131klar\u0131na dikkat \u00e7ekti.<\/p>\n<p style=\"text-align: justify;\">Suriye B\u00fcy\u00fckel\u00e7isi, Suriye&#8217;de son d\u00f6nemde \u00e7\u0131kar\u0131lan yeni yat\u0131r\u0131m yasas\u0131na ve bu yasan\u0131n yerli ve yabanc\u0131 yat\u0131r\u0131mc\u0131lara rahat ve cazip bir yat\u0131r\u0131m ortam\u0131 yaratmak amac\u0131yla sa\u011flad\u0131\u011f\u0131 kolayl\u0131k ve muafiyetlere i\u015faret ederek, \u0130ranl\u0131 \u015firketleri bu yasan\u0131n avantajlar\u0131ndan yararlanmaya \u00e7a\u011f\u0131rd\u0131.<br \/>\nKendi y\u00f6n\u00fcnden Ahteri ise kendi ad\u0131na, genel olarak \u00fclkesinin, \u00f6zel olarak da Suriye ile Dostluk Komitesi \u00fcyelerinin, Suriye taraf\u0131 ile \u00e7e\u015fitli alanlarda i\u015fbirli\u011fini peki\u015ftirme isteklerini dile getirdi.<br \/>\nBuna kar\u015f\u0131l\u0131k \u0130ran Dostluk Komitesi \u00fcyeleri, \u00f6zellikle enerji, konut, sanayi, \u00e7evre, tar\u0131m, sigorta ve di\u011fer alanlarda Suriye ile olas\u0131 i\u015fbirli\u011fi alanlar\u0131n\u0131 sundular.<\/p>\n<p style=\"text-align: justify;\">Toplant\u0131ya \u0130ran-Suriye Dostluk Komitesi&#8217;nin \u00e7ok say\u0131da \u00fcyesi ve baz\u0131 \u0130ranl\u0131 \u015firketlerin y\u00f6neticileri kat\u0131ld\u0131.<\/p>\n","protected":false},"excerpt":{"rendered":"<p>TAHRAN &#8211; Suriye&#8217;nin Tahran B\u00fcy\u00fckel\u00e7isi Dr. \u015eefik Deyyub, \u0130ran-Suriye Dostluk Komitesi ba\u015fkan\u0131 Ayetullah Hasan Ahteri ile ekonomik, yat\u0131r\u0131m ve teknolojik i\u015fbirli\u011fini geli\u015ftirmenin ve iki \u00fclke aras\u0131ndaki siyasi ve stratejik ili\u015fkiler d\u00fczeyine y\u00fckseltmenin yollar\u0131n\u0131 g\u00f6r\u00fc\u015ft\u00fc. B\u00fcy\u00fckel\u00e7i Deyyub, m\u00fcttefiklerin ve dostlar\u0131n deste\u011fiyle ter\u00f6rizme kar\u015f\u0131 elde edilen kazan\u0131mlar ve zaferler ile Suriye h\u00fck\u00fcmetinin Son y\u0131llarda Suriye&#8217;ye y\u00f6nelik ter\u00f6r &hellip;<\/p>\n","protected":false},"author":1,"featured_media":244512,"comment_status":"closed","ping_status":"closed","sticky":false,"template":"","format":"standard","meta":{"footnotes":""},"categories":[458,459,17988],"tags":[],"class_list":["post-244511","post","type-post","status-publish","format-standard","has-post-thumbnail","","category-dunya1","category-haberler-arap-uluslararasi-politika","category-son-haberler"],"_links":{"self":[{"href":"https:\/\/archive.sana.sy\/tr\/index.php?rest_route=\/wp\/v2\/posts\/244511","targetHints":{"allow":["GET"]}}],"collection":[{"href":"https:\/\/archive.sana.sy\/tr\/index.php?rest_route=\/wp\/v2\/posts"}],"about":[{"href":"https:\/\/archive.sana.sy\/tr\/index.php?rest_route=\/wp\/v2\/types\/post"}],"author":[{"embeddable":true,"href":"https:\/\/archive.sana.sy\/tr\/index.php?rest_route=\/wp\/v2\/users\/1"}],"replies":[{"embeddable":true,"href":"https:\/\/archive.sana.sy\/tr\/index.php?rest_route=%2Fwp%2Fv2%2Fcomments&post=244511"}],"version-history":[{"count":0,"href":"https:\/\/archive.sana.sy\/tr\/index.php?rest_route=\/wp\/v2\/posts\/244511\/revisions"}],"wp:featuredmedia":[{"embeddable":true,"href":"https:\/\/archive.sana.sy\/tr\/index.php?rest_route=\/wp\/v2\/media\/244512"}],"wp:attachment":[{"href":"https:\/\/archive.sana.sy\/tr\/index.php?rest_route=%2Fwp%2Fv2%2Fmedia&parent=244511"}],"wp:term":[{"taxonomy":"category","embeddable":true,"href":"https:\/\/archive.sana.sy\/tr\/index.php?rest_route=%2Fwp%2Fv2%2Fcategories&post=244511"},{"taxonomy":"post_tag","embeddable":true,"href":"https:\/\/archive.sana.sy\/tr\/index.php?rest_route=%2Fwp%2Fv2%2Ftags&post=244511"}],"curies":[{"name":"wp","href":"https:\/\/api.w.org\/{rel}","templated":true}]}}