{"id":244518,"date":"2021-10-12T22:37:34","date_gmt":"2021-10-12T19:37:34","guid":{"rendered":"http:\/\/107.6.182.27\/tr\/?p=244518"},"modified":"2021-10-13T10:53:04","modified_gmt":"2021-10-13T07:53:04","slug":"mikdad-bm-misakini-savunma-dostlari-grubu-bm-misakina-dayali-daha-iyi-bir-dunya-hayal-ediyoruz","status":"publish","type":"post","link":"https:\/\/archive.sana.sy\/tr\/?p=244518","title":{"rendered":"Mikdad BM Misak\u0131n\u0131 Savunma Dostlar\u0131 Grubu: BM Misak\u0131na Dayal\u0131 Daha \u0130yi Bir D\u00fcnya Hayal Ediyoruz"},"content":{"rendered":"<p style=\"text-align: justify;\">BELGRAD &#8211; Birle\u015fmi\u015f Milletler T\u00fcz\u00fc\u011f\u00fcn\u00fc Savunma Dostlar\u0131 Grubu, Ba\u011flant\u0131s\u0131zlar Hareketi&#8217;nin 60. y\u0131ld\u00f6n\u00fcm\u00fc m\u00fcnasebetiyle, temsilcilerin kat\u0131l\u0131m\u0131yla \u00fcst d\u00fczey toplant\u0131 \u00e7er\u00e7evesinde Suriye dahil 19 \u00fclke Belgrad&#8217;da ikinci bakanlar toplant\u0131s\u0131n\u0131 ger\u00e7ekle\u015ftirdi.<\/p>\n<p style=\"text-align: justify;\">D\u0131\u015fi\u015fleri ve Gurbet\u00e7iler Bakan\u0131 Dr. Faysal Mikdad toplant\u0131da yapt\u0131\u011f\u0131 a\u00e7\u0131klamada \u015funlar\u0131 s\u00f6yledi: Anla\u015fmalar\u0131m\u0131z\u0131 ve kararlar\u0131m\u0131z\u0131 uyguluyoruz. Daha iyi bir d\u00fcnya hayal ediyoruz ve bunu kendimiz ve ba\u015fkalar\u0131 i\u00e7in g\u00f6rmek istiyoruz. \u0130htiya\u00e7 duydu\u011fumuz \u015fey, Amerika Birle\u015fik Devletleri veya baz\u0131 \u00fclkelerin d\u00fcnyan\u0131n mukadderat\u0131na hakim olma ve halklar\u0131n kendi \u00e7\u0131karlar\u0131n\u0131 korumak i\u00e7in haklar\u0131n\u0131 g\u00f6rmezden gelme politikalar\u0131 nedeniyle kar\u015f\u0131 kar\u015f\u0131ya oldu\u011fumuz meydan okumalarla ilgili genel g\u00f6r\u00fc\u015fmelerdir. \u00d6yleki Birle\u015fmi\u015f Milletler Misak\u0131&#8217;n\u0131n i\u00e7erisinde b\u00fcy\u00fck yan\u0131ltmacalala kar\u015f\u0131 kar\u015f\u0131yad\u0131r, dedi.<\/p>\n<p style=\"text-align: justify;\">Bakan Mikdad: Bu baz\u0131lar\u0131, t\u00fcz\u00fck bu konuda a\u00e7\u0131k olmas\u0131na ve bu yorumu reddetmesine ra\u011fmen, di\u011fer \u00fclkelerin topraklar\u0131n\u0131 ele ge\u00e7irmenin me\u015fru m\u00fcdafaa hakk\u0131 oldu\u011funu iddia ediyor. \u00d6zellikle de T\u00fcz\u00fck bu hususta a\u00e7\u0131kt\u0131r ve bu tefsirleri reddetmektedir. Ayr\u0131ca baz\u0131 \u00fclkeler tek tarafl\u0131 zorlay\u0131c\u0131 yapt\u0131r\u0131mlar\u0131n kendi hakk\u0131 oldu\u011funu iddia ederken BM T\u00fcz\u00fc\u011f\u00fc bu iddialar\u0131n aksini belirtmektedir, diye vurgulad\u0131.<\/p>\n<p style=\"text-align: justify;\">Bakan Mikdad, bu grubun amac\u0131n\u0131n, T\u00fcz\u00fc\u011f\u00fc savunmak ve BM&#8217;i, geli\u015fmekte olan \u00fclkelerin egemenliklerini ve ba\u011f\u0131ms\u0131zl\u0131klar\u0131n\u0131 koruma isteklerini bast\u0131rmak i\u00e7in elinde bir ara\u00e7 olmas\u0131n\u0131 isteyen Bat\u0131l\u0131 niyetlerden korumak oldu\u011funu vurgulad\u0131.<\/p>\n<p style=\"text-align: justify;\">Buna kar\u015f\u0131l\u0131k, Venez\u00fcella D\u0131\u015fi\u015fleri Bakan\u0131 toplant\u0131n\u0131n a\u00e7\u0131l\u0131\u015f\u0131nda grubun BM Misak\u0131&#8217;n\u0131n ilke ve ama\u00e7lar\u0131n\u0131, \u00f6zellikle de devlet egemenli\u011fine sayg\u0131, i\u00e7i\u015flerine kar\u0131\u015fmama ilkesini koruma ve \u00a0savunma ile ve her t\u00fcrl\u00fc tek tarafl\u0131 zorlay\u0131c\u0131 \u00f6nlemle m\u00fccadele etme konusundaki isteklili\u011fini belirtti.<\/p>\n<p style=\"text-align: justify;\">Bu ba\u011flamda, grup \u00fcyeleri yapt\u0131\u011f\u0131 a\u00e7\u0131klamalarda, bu gruba kat\u0131lman\u0131n BM S\u00f6zle\u015fmesinin de\u011fer ve ilkelerine ba\u011fl\u0131l\u0131k oldu\u011funu ve \u015eart h\u00fck\u00fcmlerini ihlal eden ve BM&#8217;yi k\u00f6t\u00fcye kullanmaya \u00e7al\u0131\u015fan \u00fclkelere yan\u0131t vermek oldu\u011funu, BM&#8217;yi kendi siyasi g\u00fcndemlerini uygulamak, \u00fclkelerin i\u00e7 i\u015flerine m\u00fcdahale etmek, sald\u0131rganl\u0131k ve di\u011fer \u00fclkelerin egemenli\u011fini baltalamak i\u00e7in kulland\u0131klar\u0131n\u0131 vurgulad\u0131.<\/p>\n<p style=\"text-align: justify;\">Toplant\u0131 sonunda, kat\u0131l\u0131mc\u0131lar\u0131n bu etkinli\u011fin Belgrad&#8217;da d\u00fczenlenmesinin \u00f6nemini vurgulad\u0131\u011f\u0131 ve 60 y\u0131l \u00f6nce Bandung ve Belgrad konferanslar\u0131nda &#8220;Ba\u011flant\u0131s\u0131zlar Hareketi&#8221;nin \u00fczerine kuruldu\u011fu ilkelerin hala ge\u00e7erli oldu\u011funu vurgulayan, ge\u00e7erli ve hareketin \u00fclkelerine birbirleriyle ili\u015fkilerinde ve uluslararas\u0131 ili\u015fkilerinde yol g\u00f6steren bir pusula olu\u015fturan, siyasi bir bildiri yay\u0131nland\u0131.<\/p>\n<p style=\"text-align: justify;\">Grup ayr\u0131ca, \u00e7o\u011fulculu\u011fa y\u00f6nelik sistematik tehditler ve hem Birle\u015fmi\u015f Milletler T\u00fcz\u00fc\u011f\u00fcn\u00fc, hem de uluslararas\u0131 hukuk kurallar\u0131n\u0131 ihlal eden izolasyonist ve keyfi eylemler ve yakla\u015f\u0131mlarla karakterize edilen tek tarafl\u0131l\u0131\u011fa artan ba\u015fvuru konusundaki derin endi\u015fesini dile getirdi.<\/p>\n","protected":false},"excerpt":{"rendered":"<p>BELGRAD &#8211; Birle\u015fmi\u015f Milletler T\u00fcz\u00fc\u011f\u00fcn\u00fc Savunma Dostlar\u0131 Grubu, Ba\u011flant\u0131s\u0131zlar Hareketi&#8217;nin 60. y\u0131ld\u00f6n\u00fcm\u00fc m\u00fcnasebetiyle, temsilcilerin kat\u0131l\u0131m\u0131yla \u00fcst d\u00fczey toplant\u0131 \u00e7er\u00e7evesinde Suriye dahil 19 \u00fclke Belgrad&#8217;da ikinci bakanlar toplant\u0131s\u0131n\u0131 ger\u00e7ekle\u015ftirdi. D\u0131\u015fi\u015fleri ve Gurbet\u00e7iler Bakan\u0131 Dr. Faysal Mikdad toplant\u0131da yapt\u0131\u011f\u0131 a\u00e7\u0131klamada \u015funlar\u0131 s\u00f6yledi: Anla\u015fmalar\u0131m\u0131z\u0131 ve kararlar\u0131m\u0131z\u0131 uyguluyoruz. Daha iyi bir d\u00fcnya hayal ediyoruz ve bunu kendimiz ve ba\u015fkalar\u0131 &hellip;<\/p>\n","protected":false},"author":1,"featured_media":244519,"comment_status":"closed","ping_status":"closed","sticky":false,"template":"","format":"standard","meta":{"footnotes":""},"categories":[458,459,17988],"tags":[],"class_list":["post-244518","post","type-post","status-publish","format-standard","has-post-thumbnail","","category-dunya1","category-haberler-arap-uluslararasi-politika","category-son-haberler"],"_links":{"self":[{"href":"https:\/\/archive.sana.sy\/tr\/index.php?rest_route=\/wp\/v2\/posts\/244518","targetHints":{"allow":["GET"]}}],"collection":[{"href":"https:\/\/archive.sana.sy\/tr\/index.php?rest_route=\/wp\/v2\/posts"}],"about":[{"href":"https:\/\/archive.sana.sy\/tr\/index.php?rest_route=\/wp\/v2\/types\/post"}],"author":[{"embeddable":true,"href":"https:\/\/archive.sana.sy\/tr\/index.php?rest_route=\/wp\/v2\/users\/1"}],"replies":[{"embeddable":true,"href":"https:\/\/archive.sana.sy\/tr\/index.php?rest_route=%2Fwp%2Fv2%2Fcomments&post=244518"}],"version-history":[{"count":0,"href":"https:\/\/archive.sana.sy\/tr\/index.php?rest_route=\/wp\/v2\/posts\/244518\/revisions"}],"wp:featuredmedia":[{"embeddable":true,"href":"https:\/\/archive.sana.sy\/tr\/index.php?rest_route=\/wp\/v2\/media\/244519"}],"wp:attachment":[{"href":"https:\/\/archive.sana.sy\/tr\/index.php?rest_route=%2Fwp%2Fv2%2Fmedia&parent=244518"}],"wp:term":[{"taxonomy":"category","embeddable":true,"href":"https:\/\/archive.sana.sy\/tr\/index.php?rest_route=%2Fwp%2Fv2%2Fcategories&post=244518"},{"taxonomy":"post_tag","embeddable":true,"href":"https:\/\/archive.sana.sy\/tr\/index.php?rest_route=%2Fwp%2Fv2%2Ftags&post=244518"}],"curies":[{"name":"wp","href":"https:\/\/api.w.org\/{rel}","templated":true}]}}