{"id":244521,"date":"2021-10-12T23:18:37","date_gmt":"2021-10-12T20:18:37","guid":{"rendered":"http:\/\/107.6.182.27\/tr\/?p=244521"},"modified":"2021-10-13T08:25:00","modified_gmt":"2021-10-13T05:25:00","slug":"mikdad-suriye-lubnanin-meydan-okumalarin-ustesinden-gelmesine-yardim-etmeye-ozenlidir","status":"publish","type":"post","link":"https:\/\/archive.sana.sy\/tr\/?p=244521","title":{"rendered":"Mikdad: Suriye, L\u00fcbnan&#8217;\u0131n Meydan Okumalar\u0131n \u00dcstesinden Gelmesine Yard\u0131m Etmeye \u00d6zenlidir"},"content":{"rendered":"<p style=\"text-align: justify;\">BELGRAD &#8211; D\u0131\u015fi\u015fleri ve Gurbet\u00e7iler Bakan\u0131 Dr. Faysal Mikdad ile L\u00fcbnanl\u0131 mevkida\u015f\u0131 Abdullah Bouhabib, Suriye Arap Cumhuriyeti&#8217;nin halihaz\u0131rda Belgrad&#8217;da d\u00fczenlenen Ba\u011flant\u0131s\u0131zlar Hareketi \u00dclkelerinin Y\u00fcksek D\u00fczeyli Toplant\u0131s\u0131na kat\u0131l\u0131m\u0131 \u00e7er\u00e7evesinde d\u00fczenledi\u011fi toplant\u0131da, iki \u00fclke aras\u0131ndaki ikili ili\u015fkileri t\u00fcm alanlarda g\u00f6r\u00fc\u015ft\u00fc.<\/p>\n<p><a href=\"http:\/\/107.6.182.27\/tr\/wp-content\/uploads\/2021\/10\/2-13.jpg\"><img loading=\"lazy\" decoding=\"async\" class=\"size-medium wp-image-244523 alignright\" src=\"http:\/\/107.6.182.27\/tr\/wp-content\/uploads\/2021\/10\/2-13-300x215.jpg\" alt=\"\" width=\"300\" height=\"215\" srcset=\"https:\/\/archive.sana.sy\/tr\/wp-content\/uploads\/2021\/10\/2-13-300x215.jpg 300w, https:\/\/archive.sana.sy\/tr\/wp-content\/uploads\/2021\/10\/2-13-150x107.jpg 150w, https:\/\/archive.sana.sy\/tr\/wp-content\/uploads\/2021\/10\/2-13.jpg 660w\" sizes=\"auto, (max-width: 300px) 100vw, 300px\" \/><\/a><\/p>\n<p style=\"text-align: justify;\">Bakan Mikdad, Suriye&#8217;nin L\u00fcbnanl\u0131 karde\u015flerin refah\u0131 ve ilerlemesi konusundaki hassasiyetini dile getirerek, L\u00fcbnan&#8217;\u0131n son d\u00f6nemde ya\u015fad\u0131\u011f\u0131 zorluklar\u0131n ve meydan okumalar\u0131n \u00fcstesinden gelmek i\u00e7in olas\u0131 yard\u0131mlar\u0131n sa\u011flanmas\u0131n\u0131n alt\u0131n\u0131 \u00e7izdi.<\/p>\n<p style=\"text-align: justify;\">Buna kar\u015f\u0131l\u0131k Bakan Bouhabib, Suriye&#8217;ye \u00f6zellikle enerji kaynaklar\u0131 konusunda L\u00fcbnan&#8217;a sunduklar\u0131ndan dolay\u0131 \u015f\u00fckranlar\u0131n\u0131 sundu.<\/p>\n<p style=\"text-align: justify;\">Her iki bakan ayr\u0131ca, yerlerinden edilmi\u015f Suriyelilerin anavatanlar\u0131na ve evlerine d\u00f6n\u00fc\u015flerini de ele al\u0131rken Bakan Mikdad, bu ba\u011flamda Suriye&#8217;nin t\u00fcm halk\u0131n\u0131 memnuniyetle kar\u015f\u0131lad\u0131\u011f\u0131n\u0131 ve onlar\u0131n g\u00f6n\u00fcll\u00fc ve onurlu d\u00f6n\u00fc\u015flerini sa\u011flamak i\u00e7in gerekli t\u00fcm kolayl\u0131klar\u0131 sa\u011flad\u0131\u011f\u0131n\u0131 bunun i\u00e7in de kararnameler ve kanunlar\u0131n \u00e7\u0131kar\u0131ld\u0131\u011f\u0131na i\u015faret etti.<\/p>\n<p style=\"text-align: justify;\">Dr. Mikdad, uluslararas\u0131 kurulu\u015flar\u0131n Suriyeli m\u00fcltecilere kar\u015f\u0131 g\u00f6revlerini yerine getirmeleri ve anavatanlar\u0131 Suriye&#8217;ye d\u00f6n\u00fc\u015flerini engellememeleri \u00e7a\u011fr\u0131s\u0131nda bulundu.<\/p>\n<p style=\"text-align: justify;\">D\u0131\u015fi\u015fleri ve Gurbet\u00e7iler Bakan\u0131 ayr\u0131ca, \u0130ran D\u0131\u015fi\u015fleri Bakan Yard\u0131mc\u0131s\u0131 Safari Mehdi ile de bir araya geldi ve iki karde\u015f \u00fclke aras\u0131ndaki t\u00fcm siyasi ve ekonomik alanlardaki i\u015fbirli\u011finin t\u00fcm y\u00f6nleri ele al\u0131nd\u0131.<\/p>\n<p style=\"text-align: justify;\">\u0130ran bakan yard\u0131mc\u0131s\u0131, \u00fclkesinin Suriye&#8217;ye her t\u00fcrl\u00fc yard\u0131m\u0131 sa\u011flamaya ve bunun \u00f6n\u00fcndeki engellerin nas\u0131l a\u015f\u0131laca\u011f\u0131na ili\u015fkin t\u00fcm konular\u0131 tart\u0131\u015fmaya haz\u0131r oldu\u011funu ifade etti.<\/p>\n<p style=\"text-align: justify;\">Bakan Mikdad, Suriye-\u0130ran ili\u015fkilerinin \u00f6nemini ve her alanda g\u00fc\u00e7lendirilmesi gerekti\u011fini bir kez daha yineledi.<\/p>\n<p style=\"text-align: justify;\">\u0130ki toplant\u0131ya Suriye taraf\u0131ndan D\u0131\u015fi\u015fleri ve Gurbet\u00e7iler Bakan Yard\u0131mc\u0131s\u0131 Dr. Be\u015f\u015far Caferi, \u00d6zel Daire Departman\u0131 M\u00fcd\u00fcr\u00fc Dr. Abdullah Hallak, Suriye Arap Cumhuriyeti&#8217;nin Belgrad B\u00fcy\u00fckel\u00e7ili\u011fi Maslahatg\u00fczar\u0131 Dr. Ammar Avad ve Belgrad&#8217;daki Suriye B\u00fcy\u00fckel\u00e7ili\u011fi&#8217;nden Amid Hamdan kat\u0131ld\u0131.<\/p>\n","protected":false},"excerpt":{"rendered":"<p>BELGRAD &#8211; D\u0131\u015fi\u015fleri ve Gurbet\u00e7iler Bakan\u0131 Dr. Faysal Mikdad ile L\u00fcbnanl\u0131 mevkida\u015f\u0131 Abdullah Bouhabib, Suriye Arap Cumhuriyeti&#8217;nin halihaz\u0131rda Belgrad&#8217;da d\u00fczenlenen Ba\u011flant\u0131s\u0131zlar Hareketi \u00dclkelerinin Y\u00fcksek D\u00fczeyli Toplant\u0131s\u0131na kat\u0131l\u0131m\u0131 \u00e7er\u00e7evesinde d\u00fczenledi\u011fi toplant\u0131da, iki \u00fclke aras\u0131ndaki ikili ili\u015fkileri t\u00fcm alanlarda g\u00f6r\u00fc\u015ft\u00fc. Bakan Mikdad, Suriye&#8217;nin L\u00fcbnanl\u0131 karde\u015flerin refah\u0131 ve ilerlemesi konusundaki hassasiyetini dile getirerek, L\u00fcbnan&#8217;\u0131n son d\u00f6nemde ya\u015fad\u0131\u011f\u0131 zorluklar\u0131n &hellip;<\/p>\n","protected":false},"author":1,"featured_media":244522,"comment_status":"closed","ping_status":"closed","sticky":false,"template":"","format":"standard","meta":{"footnotes":""},"categories":[458,459,17988],"tags":[],"class_list":["post-244521","post","type-post","status-publish","format-standard","has-post-thumbnail","","category-dunya1","category-haberler-arap-uluslararasi-politika","category-son-haberler"],"_links":{"self":[{"href":"https:\/\/archive.sana.sy\/tr\/index.php?rest_route=\/wp\/v2\/posts\/244521","targetHints":{"allow":["GET"]}}],"collection":[{"href":"https:\/\/archive.sana.sy\/tr\/index.php?rest_route=\/wp\/v2\/posts"}],"about":[{"href":"https:\/\/archive.sana.sy\/tr\/index.php?rest_route=\/wp\/v2\/types\/post"}],"author":[{"embeddable":true,"href":"https:\/\/archive.sana.sy\/tr\/index.php?rest_route=\/wp\/v2\/users\/1"}],"replies":[{"embeddable":true,"href":"https:\/\/archive.sana.sy\/tr\/index.php?rest_route=%2Fwp%2Fv2%2Fcomments&post=244521"}],"version-history":[{"count":0,"href":"https:\/\/archive.sana.sy\/tr\/index.php?rest_route=\/wp\/v2\/posts\/244521\/revisions"}],"wp:featuredmedia":[{"embeddable":true,"href":"https:\/\/archive.sana.sy\/tr\/index.php?rest_route=\/wp\/v2\/media\/244522"}],"wp:attachment":[{"href":"https:\/\/archive.sana.sy\/tr\/index.php?rest_route=%2Fwp%2Fv2%2Fmedia&parent=244521"}],"wp:term":[{"taxonomy":"category","embeddable":true,"href":"https:\/\/archive.sana.sy\/tr\/index.php?rest_route=%2Fwp%2Fv2%2Fcategories&post=244521"},{"taxonomy":"post_tag","embeddable":true,"href":"https:\/\/archive.sana.sy\/tr\/index.php?rest_route=%2Fwp%2Fv2%2Ftags&post=244521"}],"curies":[{"name":"wp","href":"https:\/\/api.w.org\/{rel}","templated":true}]}}