{"id":244542,"date":"2021-10-13T11:17:43","date_gmt":"2021-10-13T08:17:43","guid":{"rendered":"http:\/\/107.6.182.27\/tr\/?p=244542"},"modified":"2021-10-14T09:02:54","modified_gmt":"2021-10-14T06:02:54","slug":"ordu-birliklerimiz-saydada-arama-tarama-operasyonu-baslatti","status":"publish","type":"post","link":"https:\/\/archive.sana.sy\/tr\/?p=244542","title":{"rendered":"Ordu Birliklerimiz, Sayda&#8217;da Arama Tarama Operasyonu Ba\u015flatt\u0131"},"content":{"rendered":"<p>DERA \u2013 SANA muhabiri, Suriye Arap Ordusu birliklerinin, anla\u015fman\u0131n uygulamalar\u0131n\u0131 tamamlad\u0131ktan saatler sonra, Dera k\u0131rsal\u0131n\u0131n do\u011fusunda yer alan Sayda beldesi ve \u00e7evresinde arama tarama operasyonlar\u0131na ba\u015flad\u0131\u011f\u0131n\u0131 belirtti.<\/p>\n<div id='gallery-1' class='gallery galleryid-244542 gallery-columns-3 gallery-size-full'><figure class='gallery-item'>\n\t\t\t<div class='gallery-icon landscape'>\n\t\t\t\t<a href='https:\/\/archive.sana.sy\/tr\/wp-content\/uploads\/2021\/10\/army-11-1.jpg'><img loading=\"lazy\" decoding=\"async\" width=\"800\" height=\"504\" src=\"https:\/\/archive.sana.sy\/tr\/wp-content\/uploads\/2021\/10\/army-11-1.jpg\" class=\"attachment-full size-full\" alt=\"\" srcset=\"https:\/\/archive.sana.sy\/tr\/wp-content\/uploads\/2021\/10\/army-11-1.jpg 800w, https:\/\/archive.sana.sy\/tr\/wp-content\/uploads\/2021\/10\/army-11-1-300x189.jpg 300w, https:\/\/archive.sana.sy\/tr\/wp-content\/uploads\/2021\/10\/army-11-1-150x95.jpg 150w, https:\/\/archive.sana.sy\/tr\/wp-content\/uploads\/2021\/10\/army-11-1-768x484.jpg 768w\" sizes=\"auto, (max-width: 800px) 100vw, 800px\" \/><\/a>\n\t\t\t<\/div><\/figure><figure class='gallery-item'>\n\t\t\t<div class='gallery-icon landscape'>\n\t\t\t\t<a href='https:\/\/archive.sana.sy\/tr\/wp-content\/uploads\/2021\/10\/army-12-1.jpg'><img loading=\"lazy\" decoding=\"async\" width=\"800\" height=\"544\" src=\"https:\/\/archive.sana.sy\/tr\/wp-content\/uploads\/2021\/10\/army-12-1.jpg\" class=\"attachment-full size-full\" alt=\"\" srcset=\"https:\/\/archive.sana.sy\/tr\/wp-content\/uploads\/2021\/10\/army-12-1.jpg 800w, https:\/\/archive.sana.sy\/tr\/wp-content\/uploads\/2021\/10\/army-12-1-300x204.jpg 300w, https:\/\/archive.sana.sy\/tr\/wp-content\/uploads\/2021\/10\/army-12-1-150x102.jpg 150w, https:\/\/archive.sana.sy\/tr\/wp-content\/uploads\/2021\/10\/army-12-1-768x522.jpg 768w, https:\/\/archive.sana.sy\/tr\/wp-content\/uploads\/2021\/10\/army-12-1-110x75.jpg 110w\" sizes=\"auto, (max-width: 800px) 100vw, 800px\" \/><\/a>\n\t\t\t<\/div><\/figure><figure class='gallery-item'>\n\t\t\t<div class='gallery-icon landscape'>\n\t\t\t\t<a href='https:\/\/archive.sana.sy\/tr\/wp-content\/uploads\/2021\/10\/army-13-1.jpg'><img loading=\"lazy\" decoding=\"async\" width=\"800\" height=\"532\" src=\"https:\/\/archive.sana.sy\/tr\/wp-content\/uploads\/2021\/10\/army-13-1.jpg\" class=\"attachment-full size-full\" alt=\"\" srcset=\"https:\/\/archive.sana.sy\/tr\/wp-content\/uploads\/2021\/10\/army-13-1.jpg 800w, https:\/\/archive.sana.sy\/tr\/wp-content\/uploads\/2021\/10\/army-13-1-300x200.jpg 300w, https:\/\/archive.sana.sy\/tr\/wp-content\/uploads\/2021\/10\/army-13-1-150x100.jpg 150w, https:\/\/archive.sana.sy\/tr\/wp-content\/uploads\/2021\/10\/army-13-1-768x511.jpg 768w, https:\/\/archive.sana.sy\/tr\/wp-content\/uploads\/2021\/10\/army-13-1-310x205.jpg 310w\" sizes=\"auto, (max-width: 800px) 100vw, 800px\" \/><\/a>\n\t\t\t<\/div><\/figure><figure class='gallery-item'>\n\t\t\t<div class='gallery-icon landscape'>\n\t\t\t\t<a href='https:\/\/archive.sana.sy\/tr\/wp-content\/uploads\/2021\/10\/daraaaa14.jpg'><img loading=\"lazy\" decoding=\"async\" width=\"800\" height=\"532\" src=\"https:\/\/archive.sana.sy\/tr\/wp-content\/uploads\/2021\/10\/daraaaa14.jpg\" class=\"attachment-full size-full\" alt=\"\" srcset=\"https:\/\/archive.sana.sy\/tr\/wp-content\/uploads\/2021\/10\/daraaaa14.jpg 800w, https:\/\/archive.sana.sy\/tr\/wp-content\/uploads\/2021\/10\/daraaaa14-300x200.jpg 300w, https:\/\/archive.sana.sy\/tr\/wp-content\/uploads\/2021\/10\/daraaaa14-150x100.jpg 150w, https:\/\/archive.sana.sy\/tr\/wp-content\/uploads\/2021\/10\/daraaaa14-768x511.jpg 768w, https:\/\/archive.sana.sy\/tr\/wp-content\/uploads\/2021\/10\/daraaaa14-310x205.jpg 310w\" sizes=\"auto, (max-width: 800px) 100vw, 800px\" \/><\/a>\n\t\t\t<\/div><\/figure><figure class='gallery-item'>\n\t\t\t<div class='gallery-icon landscape'>\n\t\t\t\t<a href='https:\/\/archive.sana.sy\/tr\/wp-content\/uploads\/2021\/10\/daraaaaa13.jpg'><img loading=\"lazy\" decoding=\"async\" width=\"800\" height=\"545\" src=\"https:\/\/archive.sana.sy\/tr\/wp-content\/uploads\/2021\/10\/daraaaaa13.jpg\" class=\"attachment-full size-full\" alt=\"\" srcset=\"https:\/\/archive.sana.sy\/tr\/wp-content\/uploads\/2021\/10\/daraaaaa13.jpg 800w, https:\/\/archive.sana.sy\/tr\/wp-content\/uploads\/2021\/10\/daraaaaa13-300x204.jpg 300w, https:\/\/archive.sana.sy\/tr\/wp-content\/uploads\/2021\/10\/daraaaaa13-150x102.jpg 150w, https:\/\/archive.sana.sy\/tr\/wp-content\/uploads\/2021\/10\/daraaaaa13-768x523.jpg 768w, https:\/\/archive.sana.sy\/tr\/wp-content\/uploads\/2021\/10\/daraaaaa13-110x75.jpg 110w\" sizes=\"auto, (max-width: 800px) 100vw, 800px\" \/><\/a>\n\t\t\t<\/div><\/figure><figure class='gallery-item'>\n\t\t\t<div class='gallery-icon landscape'>\n\t\t\t\t<a href='https:\/\/archive.sana.sy\/tr\/wp-content\/uploads\/2021\/10\/daraaaaaaaaa12.jpg'><img loading=\"lazy\" decoding=\"async\" width=\"800\" height=\"506\" src=\"https:\/\/archive.sana.sy\/tr\/wp-content\/uploads\/2021\/10\/daraaaaaaaaa12.jpg\" class=\"attachment-full size-full\" alt=\"\" srcset=\"https:\/\/archive.sana.sy\/tr\/wp-content\/uploads\/2021\/10\/daraaaaaaaaa12.jpg 800w, https:\/\/archive.sana.sy\/tr\/wp-content\/uploads\/2021\/10\/daraaaaaaaaa12-300x190.jpg 300w, https:\/\/archive.sana.sy\/tr\/wp-content\/uploads\/2021\/10\/daraaaaaaaaa12-150x95.jpg 150w, https:\/\/archive.sana.sy\/tr\/wp-content\/uploads\/2021\/10\/daraaaaaaaaa12-768x486.jpg 768w\" sizes=\"auto, (max-width: 800px) 100vw, 800px\" \/><\/a>\n\t\t\t<\/div><\/figure>\n\t\t<\/div>\n\n","protected":false},"excerpt":{"rendered":"<p>DERA \u2013 SANA muhabiri, Suriye Arap Ordusu birliklerinin, anla\u015fman\u0131n uygulamalar\u0131n\u0131 tamamlad\u0131ktan saatler sonra, Dera k\u0131rsal\u0131n\u0131n do\u011fusunda yer alan Sayda beldesi ve \u00e7evresinde arama tarama operasyonlar\u0131na ba\u015flad\u0131\u011f\u0131n\u0131 belirtti.<\/p>\n","protected":false},"author":36,"featured_media":244578,"comment_status":"closed","ping_status":"closed","sticky":false,"template":"","format":"standard","meta":{"footnotes":""},"categories":[596,479,575,17988,478],"tags":[],"class_list":["post-244542","post","type-post","status-publish","format-standard","has-post-thumbnail","","category-fotografli-raporlar","category-haberler-yerel","category-olaylar-ve-gercekler","category-son-haberler","category-yerel"],"_links":{"self":[{"href":"https:\/\/archive.sana.sy\/tr\/index.php?rest_route=\/wp\/v2\/posts\/244542","targetHints":{"allow":["GET"]}}],"collection":[{"href":"https:\/\/archive.sana.sy\/tr\/index.php?rest_route=\/wp\/v2\/posts"}],"about":[{"href":"https:\/\/archive.sana.sy\/tr\/index.php?rest_route=\/wp\/v2\/types\/post"}],"author":[{"embeddable":true,"href":"https:\/\/archive.sana.sy\/tr\/index.php?rest_route=\/wp\/v2\/users\/36"}],"replies":[{"embeddable":true,"href":"https:\/\/archive.sana.sy\/tr\/index.php?rest_route=%2Fwp%2Fv2%2Fcomments&post=244542"}],"version-history":[{"count":0,"href":"https:\/\/archive.sana.sy\/tr\/index.php?rest_route=\/wp\/v2\/posts\/244542\/revisions"}],"wp:featuredmedia":[{"embeddable":true,"href":"https:\/\/archive.sana.sy\/tr\/index.php?rest_route=\/wp\/v2\/media\/244578"}],"wp:attachment":[{"href":"https:\/\/archive.sana.sy\/tr\/index.php?rest_route=%2Fwp%2Fv2%2Fmedia&parent=244542"}],"wp:term":[{"taxonomy":"category","embeddable":true,"href":"https:\/\/archive.sana.sy\/tr\/index.php?rest_route=%2Fwp%2Fv2%2Fcategories&post=244542"},{"taxonomy":"post_tag","embeddable":true,"href":"https:\/\/archive.sana.sy\/tr\/index.php?rest_route=%2Fwp%2Fv2%2Ftags&post=244542"}],"curies":[{"name":"wp","href":"https:\/\/api.w.org\/{rel}","templated":true}]}}