{"id":24457,"date":"2015-02-21T16:37:01","date_gmt":"2015-02-21T14:37:01","guid":{"rendered":"http:\/\/www.sana.sy\/tr\/?p=24457"},"modified":"2015-02-21T16:40:03","modified_gmt":"2015-02-21T14:40:03","slug":"ozel-sporcularimiz-4-madalya-daha-kazandi","status":"publish","type":"post","link":"https:\/\/archive.sana.sy\/tr\/?p=24457","title":{"rendered":"\u00d6zel Sporcular\u0131m\u0131z 4 Madalya Daha Kazand\u0131"},"content":{"rendered":"<p>ABU DAB\u0130 \u2013 Birle\u015fik Arap Emirlikleri\u2019nin Abu Dabi Emirli\u011finde d\u00fczenlenen Uluslar aras\u0131 Ayn Spor Etkinliklerine kat\u0131lan ulusal \u00f6zel spor ekibimiz bug\u00fcn 4 yeni madalya kazand\u0131.<\/p>\n<p>\u00d6zel sporcular\u0131m\u0131zdan 57 grupta yer alan Muhammed Halit Muhammed m\u0131zrak atma yar\u0131\u015f\u0131nda 41.81 m ile alt\u0131n madalya kazand\u0131. 31 \u00fclkeden \u00f6zel sporculara kar\u015f\u0131 zafer kazanan Muhammed d\u00fcn de g\u00fclle at\u0131\u015f\u0131yla bir alt\u0131n madalya kazanm\u0131\u015ft\u0131.<\/p>\n<p>42. grupta Bessam Sevsak ise g\u00fclle at\u0131\u015f\u0131nda 11.93 m ile bir alt\u0131n madalya kazan\u0131rken, disk atmada da 37.83 m ile g\u00fcm\u00fc\u015f madalya kazand\u0131.<\/p>\n<p>\u00d6zel oyuncumuz Ala Abd\u00fcsselam ise 53. Grupta m\u0131zrak atma yar\u0131\u015flar\u0131nda 15.53 m ile bronz madalya kazand\u0131.<\/p>\n<div id='gallery-1' class='gallery galleryid-24457 gallery-columns-3 gallery-size-thumbnail'><figure class='gallery-item'>\n\t\t\t<div class='gallery-icon landscape'>\n\t\t\t\t<a href='https:\/\/archive.sana.sy\/tr\/wp-content\/uploads\/2015\/02\/spor-2.jpg'><img loading=\"lazy\" decoding=\"async\" width=\"150\" height=\"103\" src=\"https:\/\/archive.sana.sy\/tr\/wp-content\/uploads\/2015\/02\/spor-2-150x103.jpg\" class=\"attachment-thumbnail size-thumbnail\" alt=\"\" srcset=\"https:\/\/archive.sana.sy\/tr\/wp-content\/uploads\/2015\/02\/spor-2-150x103.jpg 150w, https:\/\/archive.sana.sy\/tr\/wp-content\/uploads\/2015\/02\/spor-2-300x206.jpg 300w, https:\/\/archive.sana.sy\/tr\/wp-content\/uploads\/2015\/02\/spor-2.jpg 697w\" sizes=\"auto, (max-width: 150px) 100vw, 150px\" \/><\/a>\n\t\t\t<\/div><\/figure><figure class='gallery-item'>\n\t\t\t<div class='gallery-icon portrait'>\n\t\t\t\t<a href='https:\/\/archive.sana.sy\/tr\/wp-content\/uploads\/2015\/02\/spor-3.jpg'><img loading=\"lazy\" decoding=\"async\" width=\"84\" height=\"150\" src=\"https:\/\/archive.sana.sy\/tr\/wp-content\/uploads\/2015\/02\/spor-3-84x150.jpg\" class=\"attachment-thumbnail size-thumbnail\" alt=\"\" srcset=\"https:\/\/archive.sana.sy\/tr\/wp-content\/uploads\/2015\/02\/spor-3-84x150.jpg 84w, https:\/\/archive.sana.sy\/tr\/wp-content\/uploads\/2015\/02\/spor-3-169x300.jpg 169w, https:\/\/archive.sana.sy\/tr\/wp-content\/uploads\/2015\/02\/spor-3.jpg 294w\" sizes=\"auto, (max-width: 84px) 100vw, 84px\" \/><\/a>\n\t\t\t<\/div><\/figure><figure class='gallery-item'>\n\t\t\t<div class='gallery-icon landscape'>\n\t\t\t\t<a href='https:\/\/archive.sana.sy\/tr\/wp-content\/uploads\/2015\/02\/spor-4.jpg'><img loading=\"lazy\" decoding=\"async\" width=\"150\" height=\"107\" src=\"https:\/\/archive.sana.sy\/tr\/wp-content\/uploads\/2015\/02\/spor-4-150x107.jpg\" class=\"attachment-thumbnail size-thumbnail\" alt=\"\" srcset=\"https:\/\/archive.sana.sy\/tr\/wp-content\/uploads\/2015\/02\/spor-4-150x107.jpg 150w, https:\/\/archive.sana.sy\/tr\/wp-content\/uploads\/2015\/02\/spor-4-300x215.jpg 300w, https:\/\/archive.sana.sy\/tr\/wp-content\/uploads\/2015\/02\/spor-4.jpg 697w\" sizes=\"auto, (max-width: 150px) 100vw, 150px\" \/><\/a>\n\t\t\t<\/div><\/figure>\n\t\t<\/div>\n\n<p>A.A.<\/p>\n","protected":false},"excerpt":{"rendered":"<p>ABU DAB\u0130 \u2013 Birle\u015fik Arap Emirlikleri\u2019nin Abu Dabi Emirli\u011finde d\u00fczenlenen Uluslar aras\u0131 Ayn Spor Etkinliklerine kat\u0131lan ulusal \u00f6zel spor ekibimiz bug\u00fcn 4 yeni madalya kazand\u0131. \u00d6zel sporcular\u0131m\u0131zdan 57 grupta yer alan Muhammed Halit Muhammed m\u0131zrak atma yar\u0131\u015f\u0131nda 41.81 m ile alt\u0131n madalya kazand\u0131. 31 \u00fclkeden \u00f6zel sporculara kar\u015f\u0131 zafer kazanan Muhammed d\u00fcn de g\u00fclle at\u0131\u015f\u0131yla &hellip;<\/p>\n","protected":false},"author":1,"featured_media":24458,"comment_status":"closed","ping_status":"closed","sticky":false,"template":"","format":"standard","meta":{"footnotes":""},"categories":[498,496],"tags":[11690],"class_list":["post-24457","post","type-post","status-publish","format-standard","has-post-thumbnail","","category-dunya-turnuvalari","category-spor","tag-ozel-sporcularimiz-4-madalya-daha-kazandi-abu-dabi-birlesik-arap-emirliklerinin-abu-dabi-emirliginde-duzenlenen-uluslar-arasi-ayn-spor-etkinliklerine-katilan-ulusal-ozel-spor-ekibim"],"_links":{"self":[{"href":"https:\/\/archive.sana.sy\/tr\/index.php?rest_route=\/wp\/v2\/posts\/24457","targetHints":{"allow":["GET"]}}],"collection":[{"href":"https:\/\/archive.sana.sy\/tr\/index.php?rest_route=\/wp\/v2\/posts"}],"about":[{"href":"https:\/\/archive.sana.sy\/tr\/index.php?rest_route=\/wp\/v2\/types\/post"}],"author":[{"embeddable":true,"href":"https:\/\/archive.sana.sy\/tr\/index.php?rest_route=\/wp\/v2\/users\/1"}],"replies":[{"embeddable":true,"href":"https:\/\/archive.sana.sy\/tr\/index.php?rest_route=%2Fwp%2Fv2%2Fcomments&post=24457"}],"version-history":[{"count":0,"href":"https:\/\/archive.sana.sy\/tr\/index.php?rest_route=\/wp\/v2\/posts\/24457\/revisions"}],"wp:featuredmedia":[{"embeddable":true,"href":"https:\/\/archive.sana.sy\/tr\/index.php?rest_route=\/wp\/v2\/media\/24458"}],"wp:attachment":[{"href":"https:\/\/archive.sana.sy\/tr\/index.php?rest_route=%2Fwp%2Fv2%2Fmedia&parent=24457"}],"wp:term":[{"taxonomy":"category","embeddable":true,"href":"https:\/\/archive.sana.sy\/tr\/index.php?rest_route=%2Fwp%2Fv2%2Fcategories&post=24457"},{"taxonomy":"post_tag","embeddable":true,"href":"https:\/\/archive.sana.sy\/tr\/index.php?rest_route=%2Fwp%2Fv2%2Ftags&post=24457"}],"curies":[{"name":"wp","href":"https:\/\/api.w.org\/{rel}","templated":true}]}}