{"id":244625,"date":"2021-10-14T08:47:42","date_gmt":"2021-10-14T05:47:42","guid":{"rendered":"http:\/\/107.6.182.27\/tr\/?p=244625"},"modified":"2021-10-15T07:47:48","modified_gmt":"2021-10-15T04:47:48","slug":"el-mikdad-sirbistandaki-suriye-toplumu-temsilcileriyle-gorustu","status":"publish","type":"post","link":"https:\/\/archive.sana.sy\/tr\/?p=244625","title":{"rendered":"El Mikdad, S\u0131rbistan&#8217;daki Suriye Toplumu Temsilcileriyle G\u00f6r\u00fc\u015ft\u00fc"},"content":{"rendered":"<p>BELGRAD \u2013 \u00a0D\u0131\u015fi\u015fleri ve Gurbet\u00e7iler Bakan\u0131 Dr. Feysal El Mikdad, doktorlar, sanayiciler, i\u015fadamlar\u0131 ve S\u0131rbistan Cumhuriyeti&#8217;nde okuyan \u00f6\u011frenciler de dahil olmak \u00fczere Suriye toplumu temsilcileriyle bir araya geldi.<\/p>\n<p>G\u00f6r\u00fc\u015fmede Bakan Mikdad, Suriye h\u00fck\u00fcmetinin \u00fclke genelinde g\u00fcvenlik ve istikrar\u0131 sa\u011flamak ve ter\u00f6rizm taraf\u0131ndan tahrip edilenleri yeniden in\u015fa etmek ve b\u00f6ylece yerinden edilmi\u015f ve m\u00fcltecilerin evlerine d\u00f6n\u00fc\u015flerine katk\u0131da bulunmak i\u00e7in g\u00f6sterdi\u011fi \u00e7abalara dikkat \u00e7ekti.<\/p>\n<p>Bakan El Mikdad, S\u0131rbistan&#8217;daki Suriyeli toplumu, Suriye\u2019nin ya\u015fad\u0131\u011f\u0131 zor d\u00f6nemde anavatanlar\u0131 yan\u0131nda durduklar\u0131 i\u00e7in selamlad\u0131.<\/p>\n<p>Bakan Mikdad, topluluk \u00fcyelerini, Suriyelileri yoksulla\u015ft\u0131ran ve altyap\u0131lar\u0131n\u0131 tahrip eden tek tarafl\u0131 zorlay\u0131c\u0131 yapt\u0131r\u0131mlar\u0131 ortaya \u00e7\u0131karmak ve anavatanlar\u0131na yat\u0131r\u0131m yapmak i\u00e7in \u00e7al\u0131\u015fmalar\u0131n\u0131 yo\u011funla\u015ft\u0131rmaya \u00e7a\u011f\u0131rd\u0131.<\/p>\n<p>Buna kar\u015f\u0131l\u0131k topluluk \u00fcyeleri, Suriye Arap Ordusunun ter\u00f6rizmi yenmek i\u00e7in yapt\u0131\u011f\u0131 fedakarl\u0131klar\u0131 ve Suriye h\u00fck\u00fcmetinin Suriye vatanda\u015flar\u0131n\u0131n temel ihtiya\u00e7lar\u0131n\u0131 kar\u015f\u0131lama \u00e7abalar\u0131n\u0131 ve gurbet\u00e7i i\u015fleriyle ilgilenme konusundaki ilgisini takdir ettiklerini dile getirdiler.<\/p>\n<p>Toplant\u0131ya D\u0131\u015fi\u015fleri ve Gurbet\u00e7iler Bakan Yard\u0131mc\u0131s\u0131 Dr. Be\u015f\u015far El Caferi, \u00d6zel B\u00fcro Departman\u0131 Direkt\u00f6r\u00fc Dr. Abdullah Hallak, Suriye Arap Cumhuriyeti&#8217;nin Belgrad B\u00fcy\u00fckel\u00e7ili\u011fi Maslahatg\u00fczar Vekili Dr. Ammar Avad ve Suriye Arap Cumhuriyeti&#8217;nin Belgrad B\u00fcy\u00fckel\u00e7ili\u011fi \u00fcyeleri kat\u0131ld\u0131.<\/p>\n","protected":false},"excerpt":{"rendered":"<p>BELGRAD \u2013 \u00a0D\u0131\u015fi\u015fleri ve Gurbet\u00e7iler Bakan\u0131 Dr. Feysal El Mikdad, doktorlar, sanayiciler, i\u015fadamlar\u0131 ve S\u0131rbistan Cumhuriyeti&#8217;nde okuyan \u00f6\u011frenciler de dahil olmak \u00fczere Suriye toplumu temsilcileriyle bir araya geldi. G\u00f6r\u00fc\u015fmede Bakan Mikdad, Suriye h\u00fck\u00fcmetinin \u00fclke genelinde g\u00fcvenlik ve istikrar\u0131 sa\u011flamak ve ter\u00f6rizm taraf\u0131ndan tahrip edilenleri yeniden in\u015fa etmek ve b\u00f6ylece yerinden edilmi\u015f ve m\u00fcltecilerin evlerine d\u00f6n\u00fc\u015flerine &hellip;<\/p>\n","protected":false},"author":36,"featured_media":244626,"comment_status":"closed","ping_status":"closed","sticky":false,"template":"","format":"standard","meta":{"footnotes":""},"categories":[458,459,17988],"tags":[],"class_list":["post-244625","post","type-post","status-publish","format-standard","has-post-thumbnail","","category-dunya1","category-haberler-arap-uluslararasi-politika","category-son-haberler"],"_links":{"self":[{"href":"https:\/\/archive.sana.sy\/tr\/index.php?rest_route=\/wp\/v2\/posts\/244625","targetHints":{"allow":["GET"]}}],"collection":[{"href":"https:\/\/archive.sana.sy\/tr\/index.php?rest_route=\/wp\/v2\/posts"}],"about":[{"href":"https:\/\/archive.sana.sy\/tr\/index.php?rest_route=\/wp\/v2\/types\/post"}],"author":[{"embeddable":true,"href":"https:\/\/archive.sana.sy\/tr\/index.php?rest_route=\/wp\/v2\/users\/36"}],"replies":[{"embeddable":true,"href":"https:\/\/archive.sana.sy\/tr\/index.php?rest_route=%2Fwp%2Fv2%2Fcomments&post=244625"}],"version-history":[{"count":0,"href":"https:\/\/archive.sana.sy\/tr\/index.php?rest_route=\/wp\/v2\/posts\/244625\/revisions"}],"wp:featuredmedia":[{"embeddable":true,"href":"https:\/\/archive.sana.sy\/tr\/index.php?rest_route=\/wp\/v2\/media\/244626"}],"wp:attachment":[{"href":"https:\/\/archive.sana.sy\/tr\/index.php?rest_route=%2Fwp%2Fv2%2Fmedia&parent=244625"}],"wp:term":[{"taxonomy":"category","embeddable":true,"href":"https:\/\/archive.sana.sy\/tr\/index.php?rest_route=%2Fwp%2Fv2%2Fcategories&post=244625"},{"taxonomy":"post_tag","embeddable":true,"href":"https:\/\/archive.sana.sy\/tr\/index.php?rest_route=%2Fwp%2Fv2%2Ftags&post=244625"}],"curies":[{"name":"wp","href":"https:\/\/api.w.org\/{rel}","templated":true}]}}