{"id":244628,"date":"2021-10-14T09:02:01","date_gmt":"2021-10-14T06:02:01","guid":{"rendered":"http:\/\/107.6.182.27\/tr\/?p=244628"},"modified":"2021-10-15T07:47:17","modified_gmt":"2021-10-15T04:47:17","slug":"israilin-tedmur-bolgesine-duzenledigi-hava-saldirisinda-bir-asker-sehit-dustu-uc-asker-de-yaralandi","status":"publish","type":"post","link":"https:\/\/archive.sana.sy\/tr\/?p=244628","title":{"rendered":"\u0130srail&#8217;in Tedmur B\u00f6lgesine D\u00fczenledi\u011fi Hava Sald\u0131r\u0131s\u0131nda Bir Asker \u015eehit D\u00fc\u015ft\u00fc, \u00dc\u00e7 Asker De Yaraland\u0131"},"content":{"rendered":"<p>HOMS \u2013 \u0130srail&#8217;in Homs k\u0131rsal\u0131n\u0131n do\u011fusunsda uer alan Tedmur b\u00f6lgesine d\u00fczenledi\u011fi hava sald\u0131r\u0131s\u0131nda Suriye Arap Ordusundan bir asker \u015fehit d\u00fc\u015ft\u00fc, 3 asker de yaraland\u0131.<\/p>\n<p>Askeri bir kaynak SANA muhabirine bulundu\u011fu a\u00e7\u0131klamada, d\u00fcn gece saat 11:34\u2019de \u0130srail d\u00fc\u015fman\u0131n\u0131n, El Tenf b\u00f6lgesi y\u00f6n\u00fcnden Homs k\u0131rsal\u0131nda yer alan Tedmur b\u00f6lgesine y\u00f6nelik hava sald\u0131r\u0131s\u0131 ger\u00e7ekle\u015ftirdi\u011fini belirtirken, bir ileti\u015fim kulesini ve n\u00f6lgedeki baz\u0131 noktaralar\u0131 hedef ald\u0131\u011f\u0131na i\u015faret etti.<\/p>\n<p>Kaynak ayr\u0131ca, s\u00f6z konusu sald\u0131r\u0131 sonucunda bir askerin \u015fehit d\u00fc\u015fmesine, 3 askerin de yaralanmas\u0131na ve maddi hasarlara yol a\u00e7\u0131ld\u0131\u011f\u0131n\u0131 s\u00f6zlerine ekledi.<\/p>\n","protected":false},"excerpt":{"rendered":"<p>HOMS \u2013 \u0130srail&#8217;in Homs k\u0131rsal\u0131n\u0131n do\u011fusunsda uer alan Tedmur b\u00f6lgesine d\u00fczenledi\u011fi hava sald\u0131r\u0131s\u0131nda Suriye Arap Ordusundan bir asker \u015fehit d\u00fc\u015ft\u00fc, 3 asker de yaraland\u0131. Askeri bir kaynak SANA muhabirine bulundu\u011fu a\u00e7\u0131klamada, d\u00fcn gece saat 11:34\u2019de \u0130srail d\u00fc\u015fman\u0131n\u0131n, El Tenf b\u00f6lgesi y\u00f6n\u00fcnden Homs k\u0131rsal\u0131nda yer alan Tedmur b\u00f6lgesine y\u00f6nelik hava sald\u0131r\u0131s\u0131 ger\u00e7ekle\u015ftirdi\u011fini belirtirken, bir ileti\u015fim kulesini &hellip;<\/p>\n","protected":false},"author":36,"featured_media":244629,"comment_status":"closed","ping_status":"closed","sticky":false,"template":"","format":"standard","meta":{"footnotes":""},"categories":[479,575,17988,478],"tags":[],"class_list":["post-244628","post","type-post","status-publish","format-standard","has-post-thumbnail","","category-haberler-yerel","category-olaylar-ve-gercekler","category-son-haberler","category-yerel"],"_links":{"self":[{"href":"https:\/\/archive.sana.sy\/tr\/index.php?rest_route=\/wp\/v2\/posts\/244628","targetHints":{"allow":["GET"]}}],"collection":[{"href":"https:\/\/archive.sana.sy\/tr\/index.php?rest_route=\/wp\/v2\/posts"}],"about":[{"href":"https:\/\/archive.sana.sy\/tr\/index.php?rest_route=\/wp\/v2\/types\/post"}],"author":[{"embeddable":true,"href":"https:\/\/archive.sana.sy\/tr\/index.php?rest_route=\/wp\/v2\/users\/36"}],"replies":[{"embeddable":true,"href":"https:\/\/archive.sana.sy\/tr\/index.php?rest_route=%2Fwp%2Fv2%2Fcomments&post=244628"}],"version-history":[{"count":0,"href":"https:\/\/archive.sana.sy\/tr\/index.php?rest_route=\/wp\/v2\/posts\/244628\/revisions"}],"wp:featuredmedia":[{"embeddable":true,"href":"https:\/\/archive.sana.sy\/tr\/index.php?rest_route=\/wp\/v2\/media\/244629"}],"wp:attachment":[{"href":"https:\/\/archive.sana.sy\/tr\/index.php?rest_route=%2Fwp%2Fv2%2Fmedia&parent=244628"}],"wp:term":[{"taxonomy":"category","embeddable":true,"href":"https:\/\/archive.sana.sy\/tr\/index.php?rest_route=%2Fwp%2Fv2%2Fcategories&post=244628"},{"taxonomy":"post_tag","embeddable":true,"href":"https:\/\/archive.sana.sy\/tr\/index.php?rest_route=%2Fwp%2Fv2%2Ftags&post=244628"}],"curies":[{"name":"wp","href":"https:\/\/api.w.org\/{rel}","templated":true}]}}