{"id":24463,"date":"2015-02-21T16:54:53","date_gmt":"2015-02-21T14:54:53","guid":{"rendered":"http:\/\/www.sana.sy\/tr\/?p=24463"},"modified":"2015-02-22T19:47:12","modified_gmt":"2015-02-22T17:47:12","slug":"teroristlerden-kacan-30-aile-orduya-sigindi","status":"publish","type":"post","link":"https:\/\/archive.sana.sy\/tr\/?p=24463","title":{"rendered":"Ter\u00f6ristlerden Ka\u00e7an 30 Aile Orduya S\u0131\u011f\u0131nd\u0131"},"content":{"rendered":"<p>\u015eAM KIRSALI \u2013 \u015eam k\u0131rsal\u0131 Duma Kasabas\u0131 ve civar\u0131na d\u00fc\u015fen \u00e7iftlilerden onlarca aile bug\u00fcn masum sivil vatanda\u015flar\u0131 canl\u0131 kalkan olarak kullanan ve onlara kar\u015f\u0131 her t\u00fcrl\u00fc vah\u015feti i\u015fleyen ter\u00f6r \u00e7etelerden ka\u00e7arak ordu birliklerimize s\u0131\u011f\u0131nd\u0131.<\/p>\n<p>Emniyet M\u00fcd\u00fcrl\u00fc\u011f\u00fcnde bir kaynak SANA\u2019ya yapt\u0131\u011f\u0131 konu\u015fmada geneli \u00e7ocuk ve kad\u0131nlardan olu\u015fan 80\u2019nin \u00fcst\u00fcnde masum sivil vatanda\u015f\u0131n Vafidin Kamp\u0131 taraf\u0131ndan ka\u00e7arak ordu birliklerimize s\u0131\u011f\u0131nd\u0131klar\u0131n\u0131 aktard\u0131.<\/p>\n<p>Kaynak ter\u00f6ristlerden ka\u00e7an masum sivillerin derhal \u015eam k\u0131rsal\u0131n\u0131n bat\u0131s\u0131na d\u00fc\u015fen Kudsiye Banliy\u00f6s\u00fcnde ge\u00e7ici ikamet merkezlerine yerle\u015ftirildiklerini aktar\u0131rken, onlara t\u0131bb\u0131 ve g\u0131da yard\u0131mlar\u0131n takdim edildi\u011fini ifade etti.<\/p>\n<p>Duma ve civar\u0131nda geneli \u2018\u0130slam Ordusu\u2019 olarak adland\u0131r\u0131lan ve yabanc\u0131lardan olu\u015fan ter\u00f6r \u00e7eteleri yay\u0131l\u0131rken; b\u00f6lgede masum sivillere kar\u015f\u0131 insanl\u0131k d\u0131\u015f\u0131 dayatma ve ter\u00f6r eylemlerinde bulunmaktad\u0131r.<\/p>\n<p>Ordu birliklerimiz yakla\u015f\u0131k 20 g\u00fcn \u00f6nce yine Duma ve civar\u0131nda ter\u00f6r \u00e7etelerinden ka\u00e7an binlerce sivil vatanda\u015f\u0131 benzer \u015fekilde kurtarm\u0131\u015f, onlar\u0131 g\u00fcvenli b\u00f6lgelere ta\u015f\u0131m\u0131\u015flard\u0131. Ayn\u0131 b\u00f6lgeden ayr\u0131ca 800\u2019\u00fcn \u00fcst\u00fcnde kanun ka\u00e7a\u011f\u0131 yine ter\u00f6r saflar\u0131ndan ka\u00e7arak silahlar\u0131yla birlikte ordu birliklerimize teslim olmu\u015flard\u0131.<\/p>\n<p>A.A. &#8211; R.H.<\/p>\n","protected":false},"excerpt":{"rendered":"<p>\u015eAM KIRSALI \u2013 \u015eam k\u0131rsal\u0131 Duma Kasabas\u0131 ve civar\u0131na d\u00fc\u015fen \u00e7iftlilerden onlarca aile bug\u00fcn masum sivil vatanda\u015flar\u0131 canl\u0131 kalkan olarak kullanan ve onlara kar\u015f\u0131 her t\u00fcrl\u00fc vah\u015feti i\u015fleyen ter\u00f6r \u00e7etelerden ka\u00e7arak ordu birliklerimize s\u0131\u011f\u0131nd\u0131. Emniyet M\u00fcd\u00fcrl\u00fc\u011f\u00fcnde bir kaynak SANA\u2019ya yapt\u0131\u011f\u0131 konu\u015fmada geneli \u00e7ocuk ve kad\u0131nlardan olu\u015fan 80\u2019nin \u00fcst\u00fcnde masum sivil vatanda\u015f\u0131n Vafidin Kamp\u0131 taraf\u0131ndan ka\u00e7arak &hellip;<\/p>\n","protected":false},"author":1,"featured_media":24476,"comment_status":"closed","ping_status":"closed","sticky":false,"template":"","format":"standard","meta":{"footnotes":""},"categories":[575],"tags":[11691],"class_list":["post-24463","post","type-post","status-publish","format-standard","has-post-thumbnail","","category-olaylar-ve-gercekler","tag-teroristlerden-kacan-30-aile-orduya-sigindi-sam-kirsali-sam-kirsali-duma-kasabasi-ve-civarina-dusen-ciftlilerden-onlarca-aile-bugun-masum-sivil-vatandaslari-canli-kalkan-olarak-kullanan-ve-o"],"_links":{"self":[{"href":"https:\/\/archive.sana.sy\/tr\/index.php?rest_route=\/wp\/v2\/posts\/24463","targetHints":{"allow":["GET"]}}],"collection":[{"href":"https:\/\/archive.sana.sy\/tr\/index.php?rest_route=\/wp\/v2\/posts"}],"about":[{"href":"https:\/\/archive.sana.sy\/tr\/index.php?rest_route=\/wp\/v2\/types\/post"}],"author":[{"embeddable":true,"href":"https:\/\/archive.sana.sy\/tr\/index.php?rest_route=\/wp\/v2\/users\/1"}],"replies":[{"embeddable":true,"href":"https:\/\/archive.sana.sy\/tr\/index.php?rest_route=%2Fwp%2Fv2%2Fcomments&post=24463"}],"version-history":[{"count":0,"href":"https:\/\/archive.sana.sy\/tr\/index.php?rest_route=\/wp\/v2\/posts\/24463\/revisions"}],"wp:featuredmedia":[{"embeddable":true,"href":"https:\/\/archive.sana.sy\/tr\/index.php?rest_route=\/wp\/v2\/media\/24476"}],"wp:attachment":[{"href":"https:\/\/archive.sana.sy\/tr\/index.php?rest_route=%2Fwp%2Fv2%2Fmedia&parent=24463"}],"wp:term":[{"taxonomy":"category","embeddable":true,"href":"https:\/\/archive.sana.sy\/tr\/index.php?rest_route=%2Fwp%2Fv2%2Fcategories&post=24463"},{"taxonomy":"post_tag","embeddable":true,"href":"https:\/\/archive.sana.sy\/tr\/index.php?rest_route=%2Fwp%2Fv2%2Ftags&post=24463"}],"curies":[{"name":"wp","href":"https:\/\/api.w.org\/{rel}","templated":true}]}}