{"id":244645,"date":"2021-10-14T10:38:03","date_gmt":"2021-10-14T07:38:03","guid":{"rendered":"http:\/\/107.6.182.27\/tr\/?p=244645"},"modified":"2021-10-15T07:48:17","modified_gmt":"2021-10-15T04:48:17","slug":"rusya-savunmasi-idlibdeki-gerginligi-azaltma-bolgesinde-8-teror-saldirisi-gerceklestirildi","status":"publish","type":"post","link":"https:\/\/archive.sana.sy\/tr\/?p=244645","title":{"rendered":"Rusya Savunmas\u0131: \u0130dlib\u2019deki Gerginli\u011fi Azaltma B\u00f6lgesinde 8 Ter\u00f6r Sald\u0131r\u0131s\u0131 Ger\u00e7ekle\u015ftirildi"},"content":{"rendered":"<p>MOSKOVA \u2013 Rusya Savunma Bakanl\u0131\u011f\u0131, \u0130dlib\u2019teki gerginli\u011fi azaltma b\u00f6lgesinde konu\u015flanan ter\u00f6r \u00f6rg\u00fctlerinin son 24 saat i\u00e7inde 8 sald\u0131r\u0131 ger\u00e7ekle\u015ftirdi\u011fini belirtti.<\/p>\n<p>Hmeymim\u2019deki Rusya Koordinasyon Merkezi yapt\u0131\u011f\u0131 a\u00e7\u0131klamanda, &#8220;El Nusra Cephesi&#8221;ne ba\u011fl\u0131 ter\u00f6r \u00f6rg\u00fctlerinin konu\u015fland\u0131\u011f\u0131 b\u00f6lgelerden, Halep ilinde 5, Hama&#8217;da 1, \u0130dlib&#8217;de 1 ve Lazkiye\u2019de 1 sald\u0131r\u0131 olmak \u00fczere 8 sald\u0131r\u0131 d\u00fczenledi\u011fini belirtti.<\/p>\n","protected":false},"excerpt":{"rendered":"<p>MOSKOVA \u2013 Rusya Savunma Bakanl\u0131\u011f\u0131, \u0130dlib\u2019teki gerginli\u011fi azaltma b\u00f6lgesinde konu\u015flanan ter\u00f6r \u00f6rg\u00fctlerinin son 24 saat i\u00e7inde 8 sald\u0131r\u0131 ger\u00e7ekle\u015ftirdi\u011fini belirtti. Hmeymim\u2019deki Rusya Koordinasyon Merkezi yapt\u0131\u011f\u0131 a\u00e7\u0131klamanda, &#8220;El Nusra Cephesi&#8221;ne ba\u011fl\u0131 ter\u00f6r \u00f6rg\u00fctlerinin konu\u015fland\u0131\u011f\u0131 b\u00f6lgelerden, Halep ilinde 5, Hama&#8217;da 1, \u0130dlib&#8217;de 1 ve Lazkiye\u2019de 1 sald\u0131r\u0131 olmak \u00fczere 8 sald\u0131r\u0131 d\u00fczenledi\u011fini belirtti.<\/p>\n","protected":false},"author":36,"featured_media":244646,"comment_status":"closed","ping_status":"closed","sticky":false,"template":"","format":"standard","meta":{"footnotes":""},"categories":[458,459,17988],"tags":[],"class_list":["post-244645","post","type-post","status-publish","format-standard","has-post-thumbnail","","category-dunya1","category-haberler-arap-uluslararasi-politika","category-son-haberler"],"_links":{"self":[{"href":"https:\/\/archive.sana.sy\/tr\/index.php?rest_route=\/wp\/v2\/posts\/244645","targetHints":{"allow":["GET"]}}],"collection":[{"href":"https:\/\/archive.sana.sy\/tr\/index.php?rest_route=\/wp\/v2\/posts"}],"about":[{"href":"https:\/\/archive.sana.sy\/tr\/index.php?rest_route=\/wp\/v2\/types\/post"}],"author":[{"embeddable":true,"href":"https:\/\/archive.sana.sy\/tr\/index.php?rest_route=\/wp\/v2\/users\/36"}],"replies":[{"embeddable":true,"href":"https:\/\/archive.sana.sy\/tr\/index.php?rest_route=%2Fwp%2Fv2%2Fcomments&post=244645"}],"version-history":[{"count":0,"href":"https:\/\/archive.sana.sy\/tr\/index.php?rest_route=\/wp\/v2\/posts\/244645\/revisions"}],"wp:featuredmedia":[{"embeddable":true,"href":"https:\/\/archive.sana.sy\/tr\/index.php?rest_route=\/wp\/v2\/media\/244646"}],"wp:attachment":[{"href":"https:\/\/archive.sana.sy\/tr\/index.php?rest_route=%2Fwp%2Fv2%2Fmedia&parent=244645"}],"wp:term":[{"taxonomy":"category","embeddable":true,"href":"https:\/\/archive.sana.sy\/tr\/index.php?rest_route=%2Fwp%2Fv2%2Fcategories&post=244645"},{"taxonomy":"post_tag","embeddable":true,"href":"https:\/\/archive.sana.sy\/tr\/index.php?rest_route=%2Fwp%2Fv2%2Ftags&post=244645"}],"curies":[{"name":"wp","href":"https:\/\/api.w.org\/{rel}","templated":true}]}}