{"id":244653,"date":"2021-10-14T10:36:53","date_gmt":"2021-10-14T07:36:53","guid":{"rendered":"http:\/\/107.6.182.27\/tr\/?p=244653"},"modified":"2021-10-15T07:48:06","modified_gmt":"2021-10-15T04:48:06","slug":"suriyeli-jokey-uluslararasi-engelli-atlama-sampiyonasinin-buyuk-odulunu-kazandi","status":"publish","type":"post","link":"https:\/\/archive.sana.sy\/tr\/?p=244653","title":{"rendered":"Suriyeli Jokey Uluslararas\u0131 Engelli Atlama \u015eampiyonas\u0131&#8217;n\u0131n B\u00fcy\u00fck \u00d6d\u00fcl\u00fcn\u00fc Kazand\u0131"},"content":{"rendered":"<p>AMMAN &#8211; Suriyeli jokey Rami \u015eahin, son olarak \u00dcrd\u00fcn&#8217;\u00fcn ba\u015fkenti Amman&#8217;da d\u00fczenlenen Uluslararas\u0131 Engelli Atlama \u015eampiyonas\u0131&#8217;nda Uluslararas\u0131 Binicilik Federasyonu&#8217;na g\u00f6re tek y\u0131ld\u0131z kategorisinde s\u0131n\u0131fland\u0131r\u0131lan Grand Prix \u00fcnvan\u0131n\u0131 kazand\u0131.<\/p>\n<p>Jokey \u015eahin, iki g\u00fcn s\u00fcren \u015fampiyonada ilk g\u00fcnk\u00fc yar\u0131\u015fmalarda \u00fcst kategori A m\u00fcsabakalar\u0131nda birinci olarak Grand Prix \u00fcnvan\u0131n\u0131 kazanmay\u0131 ba\u015fararak, orta kategoride birincilik ve \u00fc\u00e7\u00fcnc\u00fcl\u00fck elde etti\u011fi turnuva boyunca di\u011fer ileri dereceleri de kazand\u0131\u011f\u0131n\u0131 ifade etti.<\/p>\n<p>\u0130kinci g\u00fcn, \u015eahin iki at \u00fczerinde kat\u0131l\u0131m\u0131yla orta kategoride birincilik ve ikincilik elde etti, turnuvaya kat\u0131l\u0131m\u0131n\u0131 bir \u00fcst kategoride de b\u00fcy\u00fck \u00f6d\u00fcl\u00fc kazanarak tamamlad\u0131.<\/p>\n","protected":false},"excerpt":{"rendered":"<p>AMMAN &#8211; Suriyeli jokey Rami \u015eahin, son olarak \u00dcrd\u00fcn&#8217;\u00fcn ba\u015fkenti Amman&#8217;da d\u00fczenlenen Uluslararas\u0131 Engelli Atlama \u015eampiyonas\u0131&#8217;nda Uluslararas\u0131 Binicilik Federasyonu&#8217;na g\u00f6re tek y\u0131ld\u0131z kategorisinde s\u0131n\u0131fland\u0131r\u0131lan Grand Prix \u00fcnvan\u0131n\u0131 kazand\u0131. Jokey \u015eahin, iki g\u00fcn s\u00fcren \u015fampiyonada ilk g\u00fcnk\u00fc yar\u0131\u015fmalarda \u00fcst kategori A m\u00fcsabakalar\u0131nda birinci olarak Grand Prix \u00fcnvan\u0131n\u0131 kazanmay\u0131 ba\u015fararak, orta kategoride birincilik ve \u00fc\u00e7\u00fcnc\u00fcl\u00fck elde etti\u011fi &hellip;<\/p>\n","protected":false},"author":1,"featured_media":244654,"comment_status":"closed","ping_status":"closed","sticky":false,"template":"","format":"standard","meta":{"footnotes":""},"categories":[498,17988,496],"tags":[],"class_list":["post-244653","post","type-post","status-publish","format-standard","has-post-thumbnail","","category-dunya-turnuvalari","category-son-haberler","category-spor"],"_links":{"self":[{"href":"https:\/\/archive.sana.sy\/tr\/index.php?rest_route=\/wp\/v2\/posts\/244653","targetHints":{"allow":["GET"]}}],"collection":[{"href":"https:\/\/archive.sana.sy\/tr\/index.php?rest_route=\/wp\/v2\/posts"}],"about":[{"href":"https:\/\/archive.sana.sy\/tr\/index.php?rest_route=\/wp\/v2\/types\/post"}],"author":[{"embeddable":true,"href":"https:\/\/archive.sana.sy\/tr\/index.php?rest_route=\/wp\/v2\/users\/1"}],"replies":[{"embeddable":true,"href":"https:\/\/archive.sana.sy\/tr\/index.php?rest_route=%2Fwp%2Fv2%2Fcomments&post=244653"}],"version-history":[{"count":0,"href":"https:\/\/archive.sana.sy\/tr\/index.php?rest_route=\/wp\/v2\/posts\/244653\/revisions"}],"wp:featuredmedia":[{"embeddable":true,"href":"https:\/\/archive.sana.sy\/tr\/index.php?rest_route=\/wp\/v2\/media\/244654"}],"wp:attachment":[{"href":"https:\/\/archive.sana.sy\/tr\/index.php?rest_route=%2Fwp%2Fv2%2Fmedia&parent=244653"}],"wp:term":[{"taxonomy":"category","embeddable":true,"href":"https:\/\/archive.sana.sy\/tr\/index.php?rest_route=%2Fwp%2Fv2%2Fcategories&post=244653"},{"taxonomy":"post_tag","embeddable":true,"href":"https:\/\/archive.sana.sy\/tr\/index.php?rest_route=%2Fwp%2Fv2%2Ftags&post=244653"}],"curies":[{"name":"wp","href":"https:\/\/api.w.org\/{rel}","templated":true}]}}