{"id":24467,"date":"2015-02-22T08:55:36","date_gmt":"2015-02-22T06:55:36","guid":{"rendered":"http:\/\/www.sana.sy\/tr\/?p=24467"},"modified":"2015-02-22T08:55:36","modified_gmt":"2015-02-22T06:55:36","slug":"269-kanun-kacagi-silahlariyla-teslim-oldu-2","status":"publish","type":"post","link":"https:\/\/archive.sana.sy\/tr\/?p=24467","title":{"rendered":"269 Kanun Ka\u00e7a\u011f\u0131 Silahlar\u0131yla Teslim Oldu"},"content":{"rendered":"<p>\u0130LLER \u2013 Muhtelif illerden 269 kanun ka\u00e7a\u011f\u0131 d\u00fcn Cumartesi g\u00fcn\u00fc af yasas\u0131ndan faydalanmak \u00fczere silahlar\u0131yla birlikte ilgili g\u00fcvenlik kurumlar\u0131na teslim oldu.<\/p>\n<p>Emniyet M\u00fcd\u00fcrl\u00fc\u011f\u00fcnde bir kaynak Homs \u0130linin muhtelif b\u00f6lgelerinden 111 kanun ka\u00e7a\u011f\u0131n\u0131n teslim oldu\u011funu, \u015eam ve k\u0131rsal\u0131na ilaveten Halep, Hama, \u0130dlib ve Lazkiye illerinden 158 kanun ka\u00e7a\u011f\u0131n\u0131n yine silahlar\u0131yla birlikte g\u00fcvenlik kurumlar\u0131na teslim olduklar\u0131n\u0131 aktard\u0131.<\/p>\n<p>Kaynak teslim olanlar\u0131n ter\u00f6r saflar\u0131nda vatan ve vatanda\u015flara y\u00f6nelik eylemlere kat\u0131lmaktan duyduklar\u0131 pi\u015fmanl\u0131\u011f\u0131 ifade ettiklerini ve af yasas\u0131ndan faydalanmak istediklerini dile getirdiklerini belirtti.<\/p>\n<p>A.A. &#8211; R.H.<\/p>\n","protected":false},"excerpt":{"rendered":"<p>\u0130LLER \u2013 Muhtelif illerden 269 kanun ka\u00e7a\u011f\u0131 d\u00fcn Cumartesi g\u00fcn\u00fc af yasas\u0131ndan faydalanmak \u00fczere silahlar\u0131yla birlikte ilgili g\u00fcvenlik kurumlar\u0131na teslim oldu. Emniyet M\u00fcd\u00fcrl\u00fc\u011f\u00fcnde bir kaynak Homs \u0130linin muhtelif b\u00f6lgelerinden 111 kanun ka\u00e7a\u011f\u0131n\u0131n teslim oldu\u011funu, \u015eam ve k\u0131rsal\u0131na ilaveten Halep, Hama, \u0130dlib ve Lazkiye illerinden 158 kanun ka\u00e7a\u011f\u0131n\u0131n yine silahlar\u0131yla birlikte g\u00fcvenlik kurumlar\u0131na teslim olduklar\u0131n\u0131 aktard\u0131. &hellip;<\/p>\n","protected":false},"author":1,"featured_media":16127,"comment_status":"closed","ping_status":"closed","sticky":false,"template":"","format":"standard","meta":{"footnotes":""},"categories":[575,478],"tags":[11692],"class_list":["post-24467","post","type-post","status-publish","format-standard","has-post-thumbnail","","category-olaylar-ve-gercekler","category-yerel","tag-269-kanun-kacagi-silahlariyla-teslim-oldu-iller-muhtelif-illerden-269-kanun-kacagi-dun-cumartesi-gunu-af-yasasindan-faydalanmak-uzere-silahlariyla-birlikte-ilgili-guvenlik-kurumlarina-teslim"],"_links":{"self":[{"href":"https:\/\/archive.sana.sy\/tr\/index.php?rest_route=\/wp\/v2\/posts\/24467","targetHints":{"allow":["GET"]}}],"collection":[{"href":"https:\/\/archive.sana.sy\/tr\/index.php?rest_route=\/wp\/v2\/posts"}],"about":[{"href":"https:\/\/archive.sana.sy\/tr\/index.php?rest_route=\/wp\/v2\/types\/post"}],"author":[{"embeddable":true,"href":"https:\/\/archive.sana.sy\/tr\/index.php?rest_route=\/wp\/v2\/users\/1"}],"replies":[{"embeddable":true,"href":"https:\/\/archive.sana.sy\/tr\/index.php?rest_route=%2Fwp%2Fv2%2Fcomments&post=24467"}],"version-history":[{"count":0,"href":"https:\/\/archive.sana.sy\/tr\/index.php?rest_route=\/wp\/v2\/posts\/24467\/revisions"}],"wp:featuredmedia":[{"embeddable":true,"href":"https:\/\/archive.sana.sy\/tr\/index.php?rest_route=\/wp\/v2\/media\/16127"}],"wp:attachment":[{"href":"https:\/\/archive.sana.sy\/tr\/index.php?rest_route=%2Fwp%2Fv2%2Fmedia&parent=24467"}],"wp:term":[{"taxonomy":"category","embeddable":true,"href":"https:\/\/archive.sana.sy\/tr\/index.php?rest_route=%2Fwp%2Fv2%2Fcategories&post=24467"},{"taxonomy":"post_tag","embeddable":true,"href":"https:\/\/archive.sana.sy\/tr\/index.php?rest_route=%2Fwp%2Fv2%2Ftags&post=24467"}],"curies":[{"name":"wp","href":"https:\/\/api.w.org\/{rel}","templated":true}]}}