{"id":244700,"date":"2021-10-15T12:13:57","date_gmt":"2021-10-15T09:13:57","guid":{"rendered":"http:\/\/107.6.182.27\/tr\/?p=244700"},"modified":"2021-10-16T08:24:22","modified_gmt":"2021-10-16T05:24:22","slug":"hasaka-kirsalinda-iki-saldirida-dsg-milislerinden-silahlilar-olu-ve-yarali-dusuruldu","status":"publish","type":"post","link":"https:\/\/archive.sana.sy\/tr\/?p=244700","title":{"rendered":"Hasaka K\u0131rsal\u0131nda \u0130ki Sald\u0131r\u0131da DSG Milislerinden Silahl\u0131lar \u00d6l\u00fc Ve Yaral\u0131 D\u00fc\u015f\u00fcr\u00fcld\u00fc"},"content":{"rendered":"<p>HASEKE \u2013 Haseke k\u0131rsal\u0131n\u0131n kuzeydo\u011fusunda yer alan El Malikiye b\u00f6lgesinde milis karargah\u0131n\u0131 ve askeri arac\u0131 hedef alan halk gruplar\u0131 taraf\u0131ndan ger\u00e7ekle\u015ftirilen iki sald\u0131r\u0131da Amerikan i\u015fgaliyle ba\u011flant\u0131l\u0131 \u00e7ok say\u0131da DSG milisi \u00f6ld\u00fcr\u00fcld\u00fc ve yaraland\u0131.<\/p>\n<p>Yerel kaynaklar SANA muhabirine, halk gruplar\u0131 taraf\u0131ndan ger\u00e7ekle\u015ftirilen sald\u0131r\u0131n\u0131n, El Malikiye k\u0131rsal\u0131ndaki Han El Cebal kamp\u0131 yak\u0131nlar\u0131ndaki DSG milislerinin s\u00f6zde El Rahbe karargah\u0131n\u0131 hedef ald\u0131\u011f\u0131n\u0131 belirtirken, bunun sonucunda milisler aras\u0131nda birka\u00e7 \u00f6l\u00fcm ve yaralanmaya, milislere ait bir arac\u0131n imha edilmesine ve karargahta \u00f6nemli maddi hasara yol a\u00e7t\u0131\u011f\u0131na i\u015faret etti.<\/p>\n<p>Kaynaklar ayr\u0131ca, halk gruplar\u0131, Haseke\u2019nin do\u011fuusnda yer alan Rumeylan kentinin k\u0131rsal\u0131ndaki Tel Adas k\u00f6y\u00fc ile El Tabka aras\u0131ndaki toprak yolda, Tel Adas b\u00f6lgesinde &#8220;DSG&#8221; milislerine ait askeri araca d\u00fczenlene sald\u0131r\u0131da hedef ald\u0131\u011f\u0131n\u0131 belirtti.<\/p>\n<p>kaynaklar, s\u00f6z konusu sald\u0131r\u0131n\u0131n sonucunda birka\u00e7 milisin yaraland\u0131\u011f\u0131n\u0131 ve hedeflenen araca zarar verdi\u011fine i\u015faret etti.<\/p>\n","protected":false},"excerpt":{"rendered":"<p>HASEKE \u2013 Haseke k\u0131rsal\u0131n\u0131n kuzeydo\u011fusunda yer alan El Malikiye b\u00f6lgesinde milis karargah\u0131n\u0131 ve askeri arac\u0131 hedef alan halk gruplar\u0131 taraf\u0131ndan ger\u00e7ekle\u015ftirilen iki sald\u0131r\u0131da Amerikan i\u015fgaliyle ba\u011flant\u0131l\u0131 \u00e7ok say\u0131da DSG milisi \u00f6ld\u00fcr\u00fcld\u00fc ve yaraland\u0131. Yerel kaynaklar SANA muhabirine, halk gruplar\u0131 taraf\u0131ndan ger\u00e7ekle\u015ftirilen sald\u0131r\u0131n\u0131n, El Malikiye k\u0131rsal\u0131ndaki Han El Cebal kamp\u0131 yak\u0131nlar\u0131ndaki DSG milislerinin s\u00f6zde El Rahbe &hellip;<\/p>\n","protected":false},"author":36,"featured_media":244701,"comment_status":"closed","ping_status":"closed","sticky":false,"template":"","format":"standard","meta":{"footnotes":""},"categories":[479,575,17988,478],"tags":[],"class_list":["post-244700","post","type-post","status-publish","format-standard","has-post-thumbnail","","category-haberler-yerel","category-olaylar-ve-gercekler","category-son-haberler","category-yerel"],"_links":{"self":[{"href":"https:\/\/archive.sana.sy\/tr\/index.php?rest_route=\/wp\/v2\/posts\/244700","targetHints":{"allow":["GET"]}}],"collection":[{"href":"https:\/\/archive.sana.sy\/tr\/index.php?rest_route=\/wp\/v2\/posts"}],"about":[{"href":"https:\/\/archive.sana.sy\/tr\/index.php?rest_route=\/wp\/v2\/types\/post"}],"author":[{"embeddable":true,"href":"https:\/\/archive.sana.sy\/tr\/index.php?rest_route=\/wp\/v2\/users\/36"}],"replies":[{"embeddable":true,"href":"https:\/\/archive.sana.sy\/tr\/index.php?rest_route=%2Fwp%2Fv2%2Fcomments&post=244700"}],"version-history":[{"count":0,"href":"https:\/\/archive.sana.sy\/tr\/index.php?rest_route=\/wp\/v2\/posts\/244700\/revisions"}],"wp:featuredmedia":[{"embeddable":true,"href":"https:\/\/archive.sana.sy\/tr\/index.php?rest_route=\/wp\/v2\/media\/244701"}],"wp:attachment":[{"href":"https:\/\/archive.sana.sy\/tr\/index.php?rest_route=%2Fwp%2Fv2%2Fmedia&parent=244700"}],"wp:term":[{"taxonomy":"category","embeddable":true,"href":"https:\/\/archive.sana.sy\/tr\/index.php?rest_route=%2Fwp%2Fv2%2Fcategories&post=244700"},{"taxonomy":"post_tag","embeddable":true,"href":"https:\/\/archive.sana.sy\/tr\/index.php?rest_route=%2Fwp%2Fv2%2Ftags&post=244700"}],"curies":[{"name":"wp","href":"https:\/\/api.w.org\/{rel}","templated":true}]}}