{"id":244765,"date":"2021-10-17T08:35:19","date_gmt":"2021-10-17T05:35:19","guid":{"rendered":"http:\/\/107.6.182.27\/tr\/?p=244765"},"modified":"2021-10-20T08:13:20","modified_gmt":"2021-10-20T05:13:20","slug":"cumhurbaskani-esadin-himayesinde-hava-koleji-ogrencilerinin-yeni-bir-donem-mezuniyeti","status":"publish","type":"post","link":"https:\/\/archive.sana.sy\/tr\/?p=244765","title":{"rendered":"Cumhurba\u015fkan\u0131 Esad\u2019\u0131n Himayesinde\u2026 Hava Koleji \u00d6\u011frencilerinin Yeni Bir D\u00f6nem Mezuniyeti"},"content":{"rendered":"<p>HALEP \u2013 Ordu ve Silahl\u0131 Kuvvetler Ba\u015fkomutan\u0131 Cumhurba\u015fkan\u0131 Korgeneral Be\u015f\u015far Esad&#8217;\u0131n himayesinde, Hava Kuvvetleri ve Hava Savunma G\u00fcn\u00fc&#8217;n\u00fcn 75. Y\u0131ld\u00f6n\u00fcm\u00fc m\u00fcnasebetiyle Hava Koleji&#8217;ndeki \u00fc\u00e7 enstit\u00fcs\u00fcnde (Hava &#8211; Teknik &#8211; Deniz)\u2019den yeni bir grup \u00f6\u011frencinin mezuniyetini kutlad\u0131.<\/p>\n<p><img loading=\"lazy\" decoding=\"async\" class=\"size-medium wp-image-244766 alignright\" src=\"http:\/\/107.6.182.27\/tr\/wp-content\/uploads\/2021\/10\/1-24-300x174.jpg\" alt=\"\" width=\"300\" height=\"174\" srcset=\"https:\/\/archive.sana.sy\/tr\/wp-content\/uploads\/2021\/10\/1-24-300x174.jpg 300w, https:\/\/archive.sana.sy\/tr\/wp-content\/uploads\/2021\/10\/1-24-150x87.jpg 150w, https:\/\/archive.sana.sy\/tr\/wp-content\/uploads\/2021\/10\/1-24.jpg 660w\" sizes=\"auto, (max-width: 300px) 100vw, 300px\" \/>Cumhurba\u015fkan\u0131 Esad ad\u0131na, T\u00fcmgeneral, E\u011fitim Kurumu Ba\u015fkan\u0131 bu t\u00f6rene sponsor olarak temsil edildi.<\/p>\n<p>\u015eehitlerimizin ruhlar\u0131na bir dakikal\u0131k sayg\u0131 duru\u015fu ile ba\u015flayan t\u00f6rende, Suriye Arap Cumhuriyeti milli mar\u015f\u0131 \u00e7al\u0131nd\u0131.<\/p>\n<p>T\u00f6ren hamisi temsilcisi, Ordu ve Silahl\u0131 Kuvvetler Ba\u015fkomutan\u0131 Cumhurba\u015fkan\u0131 Korgeneral Be\u015f\u015far Esad\u2019\u0131n tebriklerini ve mezun olan \u00f6\u011frencilere g\u00f6revlerini yerine getirmede ba\u015far\u0131 dileklerini iletti.<\/p>\n<p>Kutlaman\u0131n sponsoru temsilcisi, &#8220;Sald\u0131rgan ama\u00e7 ve hedeflerine ula\u015famayan k\u00fcresel ve b\u00f6lgesel ter\u00f6r g\u00fc\u00e7leri kar\u015f\u0131s\u0131nda y\u00fckselen bir tepe gibi durabildik&#8221; dedi.<\/p>\n<p><img loading=\"lazy\" decoding=\"async\" class=\"size-medium wp-image-244767 alignright\" src=\"http:\/\/107.6.182.27\/tr\/wp-content\/uploads\/2021\/10\/2-20-300x169.jpg\" alt=\"\" width=\"300\" height=\"169\" srcset=\"https:\/\/archive.sana.sy\/tr\/wp-content\/uploads\/2021\/10\/2-20-300x169.jpg 300w, https:\/\/archive.sana.sy\/tr\/wp-content\/uploads\/2021\/10\/2-20-150x84.jpg 150w, https:\/\/archive.sana.sy\/tr\/wp-content\/uploads\/2021\/10\/2-20.jpg 660w\" sizes=\"auto, (max-width: 300px) 100vw, 300px\" \/>Daha sonra bayrak teslim etme ve alma merasimi yap\u0131ld\u0131.<\/p>\n<p>mezun olanlar askeri yemin ettiler, ba\u015far\u0131 s\u0131ras\u0131n\u0131 takip ettiler ve kursa Kahraman \u015fehit \u00fcste\u011fmen hava teknisyeni \u0130brahim Najib Abu Deeb\u2019inad\u0131n\u0131 verdiler.<\/p>\n<p>Daha sonra mezunlara hediyeler da\u011f\u0131t\u0131l\u0131rken, ilk \u00f6\u011frenci sadakat ve samimiyet g\u00f6stergesi olarak t\u00f6ren hami temsilcisine kurs kalkan\u0131n\u0131 takdim etti. d\u00f6nem kalkan\u0131 ise \u015fehit ailelerine \u015fehitlerin kan\u0131na ba\u011fl\u0131l\u0131k g\u00f6stergesi olarak takdim edildi.<\/p>\n<div id='gallery-1' class='gallery galleryid-244765 gallery-columns-1 gallery-size-full'><figure class='gallery-item'>\n\t\t\t<div class='gallery-icon landscape'>\n\t\t\t\t<a href='https:\/\/archive.sana.sy\/tr\/wp-content\/uploads\/2021\/10\/2-214.jpg'><img loading=\"lazy\" decoding=\"async\" width=\"660\" height=\"371\" src=\"https:\/\/archive.sana.sy\/tr\/wp-content\/uploads\/2021\/10\/2-214.jpg\" class=\"attachment-full size-full\" alt=\"\" srcset=\"https:\/\/archive.sana.sy\/tr\/wp-content\/uploads\/2021\/10\/2-214.jpg 660w, https:\/\/archive.sana.sy\/tr\/wp-content\/uploads\/2021\/10\/2-214-300x169.jpg 300w, https:\/\/archive.sana.sy\/tr\/wp-content\/uploads\/2021\/10\/2-214-150x84.jpg 150w\" sizes=\"auto, (max-width: 660px) 100vw, 660px\" \/><\/a>\n\t\t\t<\/div><\/figure><figure class='gallery-item'>\n\t\t\t<div class='gallery-icon portrait'>\n\t\t\t\t<a href='https:\/\/archive.sana.sy\/tr\/wp-content\/uploads\/2021\/10\/4-169.jpg'><img loading=\"lazy\" decoding=\"async\" width=\"660\" height=\"740\" src=\"https:\/\/archive.sana.sy\/tr\/wp-content\/uploads\/2021\/10\/4-169.jpg\" class=\"attachment-full size-full\" alt=\"\" srcset=\"https:\/\/archive.sana.sy\/tr\/wp-content\/uploads\/2021\/10\/4-169.jpg 660w, https:\/\/archive.sana.sy\/tr\/wp-content\/uploads\/2021\/10\/4-169-268x300.jpg 268w, https:\/\/archive.sana.sy\/tr\/wp-content\/uploads\/2021\/10\/4-169-134x150.jpg 134w\" sizes=\"auto, (max-width: 660px) 100vw, 660px\" \/><\/a>\n\t\t\t<\/div><\/figure><figure class='gallery-item'>\n\t\t\t<div class='gallery-icon landscape'>\n\t\t\t\t<a href='https:\/\/archive.sana.sy\/tr\/wp-content\/uploads\/2021\/10\/5-163.jpg'><img loading=\"lazy\" decoding=\"async\" width=\"660\" height=\"371\" src=\"https:\/\/archive.sana.sy\/tr\/wp-content\/uploads\/2021\/10\/5-163.jpg\" class=\"attachment-full size-full\" alt=\"\" srcset=\"https:\/\/archive.sana.sy\/tr\/wp-content\/uploads\/2021\/10\/5-163.jpg 660w, https:\/\/archive.sana.sy\/tr\/wp-content\/uploads\/2021\/10\/5-163-300x169.jpg 300w, https:\/\/archive.sana.sy\/tr\/wp-content\/uploads\/2021\/10\/5-163-150x84.jpg 150w\" sizes=\"auto, (max-width: 660px) 100vw, 660px\" \/><\/a>\n\t\t\t<\/div><\/figure><figure class='gallery-item'>\n\t\t\t<div class='gallery-icon landscape'>\n\t\t\t\t<a href='https:\/\/archive.sana.sy\/tr\/wp-content\/uploads\/2021\/10\/7-108.jpg'><img loading=\"lazy\" decoding=\"async\" width=\"660\" height=\"371\" src=\"https:\/\/archive.sana.sy\/tr\/wp-content\/uploads\/2021\/10\/7-108.jpg\" class=\"attachment-full size-full\" alt=\"\" srcset=\"https:\/\/archive.sana.sy\/tr\/wp-content\/uploads\/2021\/10\/7-108.jpg 660w, https:\/\/archive.sana.sy\/tr\/wp-content\/uploads\/2021\/10\/7-108-300x169.jpg 300w, https:\/\/archive.sana.sy\/tr\/wp-content\/uploads\/2021\/10\/7-108-150x84.jpg 150w\" sizes=\"auto, (max-width: 660px) 100vw, 660px\" \/><\/a>\n\t\t\t<\/div><\/figure>\n\t\t<\/div>\n\n","protected":false},"excerpt":{"rendered":"<p>HALEP \u2013 Ordu ve Silahl\u0131 Kuvvetler Ba\u015fkomutan\u0131 Cumhurba\u015fkan\u0131 Korgeneral Be\u015f\u015far Esad&#8217;\u0131n himayesinde, Hava Kuvvetleri ve Hava Savunma G\u00fcn\u00fc&#8217;n\u00fcn 75. Y\u0131ld\u00f6n\u00fcm\u00fc m\u00fcnasebetiyle Hava Koleji&#8217;ndeki \u00fc\u00e7 enstit\u00fcs\u00fcnde (Hava &#8211; Teknik &#8211; Deniz)\u2019den yeni bir grup \u00f6\u011frencinin mezuniyetini kutlad\u0131. Cumhurba\u015fkan\u0131 Esad ad\u0131na, T\u00fcmgeneral, E\u011fitim Kurumu Ba\u015fkan\u0131 bu t\u00f6rene sponsor olarak temsil edildi. \u015eehitlerimizin ruhlar\u0131na bir dakikal\u0131k sayg\u0131 duru\u015fu &hellip;<\/p>\n","protected":false},"author":36,"featured_media":244772,"comment_status":"closed","ping_status":"closed","sticky":false,"template":"","format":"standard","meta":{"footnotes":""},"categories":[596,479,17988,478],"tags":[],"class_list":["post-244765","post","type-post","status-publish","format-standard","has-post-thumbnail","","category-fotografli-raporlar","category-haberler-yerel","category-son-haberler","category-yerel"],"_links":{"self":[{"href":"https:\/\/archive.sana.sy\/tr\/index.php?rest_route=\/wp\/v2\/posts\/244765","targetHints":{"allow":["GET"]}}],"collection":[{"href":"https:\/\/archive.sana.sy\/tr\/index.php?rest_route=\/wp\/v2\/posts"}],"about":[{"href":"https:\/\/archive.sana.sy\/tr\/index.php?rest_route=\/wp\/v2\/types\/post"}],"author":[{"embeddable":true,"href":"https:\/\/archive.sana.sy\/tr\/index.php?rest_route=\/wp\/v2\/users\/36"}],"replies":[{"embeddable":true,"href":"https:\/\/archive.sana.sy\/tr\/index.php?rest_route=%2Fwp%2Fv2%2Fcomments&post=244765"}],"version-history":[{"count":0,"href":"https:\/\/archive.sana.sy\/tr\/index.php?rest_route=\/wp\/v2\/posts\/244765\/revisions"}],"wp:featuredmedia":[{"embeddable":true,"href":"https:\/\/archive.sana.sy\/tr\/index.php?rest_route=\/wp\/v2\/media\/244772"}],"wp:attachment":[{"href":"https:\/\/archive.sana.sy\/tr\/index.php?rest_route=%2Fwp%2Fv2%2Fmedia&parent=244765"}],"wp:term":[{"taxonomy":"category","embeddable":true,"href":"https:\/\/archive.sana.sy\/tr\/index.php?rest_route=%2Fwp%2Fv2%2Fcategories&post=244765"},{"taxonomy":"post_tag","embeddable":true,"href":"https:\/\/archive.sana.sy\/tr\/index.php?rest_route=%2Fwp%2Fv2%2Ftags&post=244765"}],"curies":[{"name":"wp","href":"https:\/\/api.w.org\/{rel}","templated":true}]}}