{"id":244774,"date":"2021-10-17T08:41:34","date_gmt":"2021-10-17T05:41:34","guid":{"rendered":"http:\/\/107.6.182.27\/tr\/?p=244774"},"modified":"2021-10-20T08:13:24","modified_gmt":"2021-10-20T05:13:24","slug":"suveyda-kirsalinda-bir-mayin-patladi-3-cocuk-sehit-dustu-3-cocuk-da-yaralandi","status":"publish","type":"post","link":"https:\/\/archive.sana.sy\/tr\/?p=244774","title":{"rendered":"S\u00fcveyda K\u0131rsal\u0131nda Bir May\u0131n Patlad\u0131, 3 \u00c7ocuk \u015eehit D\u00fc\u015ft\u00fc, 3 \u00c7ocuk Da Yaraland\u0131"},"content":{"rendered":"<p>S\u00dcVEYDA \u2013 S\u00fcveyda k\u0131rsal\u0131n\u0131n kuzeyinde yer alan El Sakiye k\u00f6y\u00fcnde, I\u015e\u0130D ter\u00f6r gruplar\u0131ndan kalan bir may\u0131n\u0131n patlamas\u0131 sonucunda 3 \u00e7ocuk \u015fehit d\u00fc\u015ft\u00fc, 3 \u00e7ocuk da yaraland\u0131.<\/p>\n<p>\u0130l Emniyet M\u00fcd\u00fcrl\u00fc\u011f\u00fcnden bir kaynak SANA muhabirine yapt\u0131\u011f\u0131 a\u00e7\u0131klamada, S\u00fcveyda k\u0131rsal\u0131n\u0131n kuzeyinde yer alan El Sakiye k\u00f6y\u00fcnde, I\u015e\u0130D ter\u00f6r gruplar\u0131ndan kalan bir may\u0131n\u0131n patlamas\u0131 sonucunda 3 \u00e7ocu\u011fun \u015fehit d\u00fc\u015ft\u00fc\u011f\u00fcn\u00fc, 3 \u00e7ocu\u011fun da yaraland\u0131\u011f\u0131n\u0131 belirtti.<\/p>\n","protected":false},"excerpt":{"rendered":"<p>S\u00dcVEYDA \u2013 S\u00fcveyda k\u0131rsal\u0131n\u0131n kuzeyinde yer alan El Sakiye k\u00f6y\u00fcnde, I\u015e\u0130D ter\u00f6r gruplar\u0131ndan kalan bir may\u0131n\u0131n patlamas\u0131 sonucunda 3 \u00e7ocuk \u015fehit d\u00fc\u015ft\u00fc, 3 \u00e7ocuk da yaraland\u0131. \u0130l Emniyet M\u00fcd\u00fcrl\u00fc\u011f\u00fcnden bir kaynak SANA muhabirine yapt\u0131\u011f\u0131 a\u00e7\u0131klamada, S\u00fcveyda k\u0131rsal\u0131n\u0131n kuzeyinde yer alan El Sakiye k\u00f6y\u00fcnde, I\u015e\u0130D ter\u00f6r gruplar\u0131ndan kalan bir may\u0131n\u0131n patlamas\u0131 sonucunda 3 \u00e7ocu\u011fun \u015fehit d\u00fc\u015ft\u00fc\u011f\u00fcn\u00fc, &hellip;<\/p>\n","protected":false},"author":36,"featured_media":244775,"comment_status":"closed","ping_status":"closed","sticky":false,"template":"","format":"standard","meta":{"footnotes":""},"categories":[479,575,17988,478],"tags":[],"class_list":["post-244774","post","type-post","status-publish","format-standard","has-post-thumbnail","","category-haberler-yerel","category-olaylar-ve-gercekler","category-son-haberler","category-yerel"],"_links":{"self":[{"href":"https:\/\/archive.sana.sy\/tr\/index.php?rest_route=\/wp\/v2\/posts\/244774","targetHints":{"allow":["GET"]}}],"collection":[{"href":"https:\/\/archive.sana.sy\/tr\/index.php?rest_route=\/wp\/v2\/posts"}],"about":[{"href":"https:\/\/archive.sana.sy\/tr\/index.php?rest_route=\/wp\/v2\/types\/post"}],"author":[{"embeddable":true,"href":"https:\/\/archive.sana.sy\/tr\/index.php?rest_route=\/wp\/v2\/users\/36"}],"replies":[{"embeddable":true,"href":"https:\/\/archive.sana.sy\/tr\/index.php?rest_route=%2Fwp%2Fv2%2Fcomments&post=244774"}],"version-history":[{"count":0,"href":"https:\/\/archive.sana.sy\/tr\/index.php?rest_route=\/wp\/v2\/posts\/244774\/revisions"}],"wp:featuredmedia":[{"embeddable":true,"href":"https:\/\/archive.sana.sy\/tr\/index.php?rest_route=\/wp\/v2\/media\/244775"}],"wp:attachment":[{"href":"https:\/\/archive.sana.sy\/tr\/index.php?rest_route=%2Fwp%2Fv2%2Fmedia&parent=244774"}],"wp:term":[{"taxonomy":"category","embeddable":true,"href":"https:\/\/archive.sana.sy\/tr\/index.php?rest_route=%2Fwp%2Fv2%2Fcategories&post=244774"},{"taxonomy":"post_tag","embeddable":true,"href":"https:\/\/archive.sana.sy\/tr\/index.php?rest_route=%2Fwp%2Fv2%2Ftags&post=244774"}],"curies":[{"name":"wp","href":"https:\/\/api.w.org\/{rel}","templated":true}]}}