{"id":244840,"date":"2021-10-17T09:07:22","date_gmt":"2021-10-17T06:07:22","guid":{"rendered":"http:\/\/107.6.182.27\/tr\/?p=244840"},"modified":"2021-10-20T08:13:33","modified_gmt":"2021-10-20T05:13:33","slug":"kurtarilan-esir-medhat-el-saleh-israil-dusmaninin-kursunlariyla-sehit-dustu","status":"publish","type":"post","link":"https:\/\/archive.sana.sy\/tr\/?p=244840","title":{"rendered":"Kurtar\u0131lan Esir Medhat El Saleh \u0130srail D\u00fc\u015fman\u0131n\u0131n Kur\u015funlar\u0131yla \u015eehit D\u00fc\u015ft\u00fc"},"content":{"rendered":"<p>KUNEYTRA \u2013 Kurtar\u0131lan esir Medhat Saleh El Saleh, Kuneytra k\u0131rsal\u0131nda yer alan Ayn El Tine b\u00f6lgesinde \u0130srail d\u00fc\u015fman\u0131 taraf\u0131ndan hedef al\u0131nmas\u0131 sonucunda \u015fehit oldu.<\/p>\n<p>SANA&#8217;n\u0131n Kuneytra muhabiri, Kurtar\u0131lan esir El Salih, i\u015fgal alt\u0131ndaki Mecdel \u015eems beldesinin kar\u015f\u0131s\u0131ndaki Ayn El Tine b\u00f6lgesinde evine d\u00f6nerken \u0130srail d\u00fc\u015fman\u0131n\u0131n kur\u015funlar\u0131yla hedef al\u0131nmas\u0131 sonucunda \u015fehit d\u00fc\u015ft\u00fc\u011f\u00fcn\u00fc belirtti.<\/p>\n","protected":false},"excerpt":{"rendered":"<p>KUNEYTRA \u2013 Kurtar\u0131lan esir Medhat Saleh El Saleh, Kuneytra k\u0131rsal\u0131nda yer alan Ayn El Tine b\u00f6lgesinde \u0130srail d\u00fc\u015fman\u0131 taraf\u0131ndan hedef al\u0131nmas\u0131 sonucunda \u015fehit oldu. SANA&#8217;n\u0131n Kuneytra muhabiri, Kurtar\u0131lan esir El Salih, i\u015fgal alt\u0131ndaki Mecdel \u015eems beldesinin kar\u015f\u0131s\u0131ndaki Ayn El Tine b\u00f6lgesinde evine d\u00f6nerken \u0130srail d\u00fc\u015fman\u0131n\u0131n kur\u015funlar\u0131yla hedef al\u0131nmas\u0131 sonucunda \u015fehit d\u00fc\u015ft\u00fc\u011f\u00fcn\u00fc belirtti.<\/p>\n","protected":false},"author":36,"featured_media":244841,"comment_status":"closed","ping_status":"closed","sticky":false,"template":"","format":"standard","meta":{"footnotes":""},"categories":[479,575,17988,478],"tags":[],"class_list":["post-244840","post","type-post","status-publish","format-standard","has-post-thumbnail","","category-haberler-yerel","category-olaylar-ve-gercekler","category-son-haberler","category-yerel"],"_links":{"self":[{"href":"https:\/\/archive.sana.sy\/tr\/index.php?rest_route=\/wp\/v2\/posts\/244840","targetHints":{"allow":["GET"]}}],"collection":[{"href":"https:\/\/archive.sana.sy\/tr\/index.php?rest_route=\/wp\/v2\/posts"}],"about":[{"href":"https:\/\/archive.sana.sy\/tr\/index.php?rest_route=\/wp\/v2\/types\/post"}],"author":[{"embeddable":true,"href":"https:\/\/archive.sana.sy\/tr\/index.php?rest_route=\/wp\/v2\/users\/36"}],"replies":[{"embeddable":true,"href":"https:\/\/archive.sana.sy\/tr\/index.php?rest_route=%2Fwp%2Fv2%2Fcomments&post=244840"}],"version-history":[{"count":0,"href":"https:\/\/archive.sana.sy\/tr\/index.php?rest_route=\/wp\/v2\/posts\/244840\/revisions"}],"wp:featuredmedia":[{"embeddable":true,"href":"https:\/\/archive.sana.sy\/tr\/index.php?rest_route=\/wp\/v2\/media\/244841"}],"wp:attachment":[{"href":"https:\/\/archive.sana.sy\/tr\/index.php?rest_route=%2Fwp%2Fv2%2Fmedia&parent=244840"}],"wp:term":[{"taxonomy":"category","embeddable":true,"href":"https:\/\/archive.sana.sy\/tr\/index.php?rest_route=%2Fwp%2Fv2%2Fcategories&post=244840"},{"taxonomy":"post_tag","embeddable":true,"href":"https:\/\/archive.sana.sy\/tr\/index.php?rest_route=%2Fwp%2Fv2%2Ftags&post=244840"}],"curies":[{"name":"wp","href":"https:\/\/api.w.org\/{rel}","templated":true}]}}