{"id":244846,"date":"2021-10-17T11:56:52","date_gmt":"2021-10-17T08:56:52","guid":{"rendered":"http:\/\/107.6.182.27\/tr\/?p=244846"},"modified":"2021-10-20T08:13:42","modified_gmt":"2021-10-20T05:13:42","slug":"teroristler-kuneytrada-bir-uzlasma-komitesi-uyesinin-arabasinda-patlayici-bir-cihaz-patlatti","status":"publish","type":"post","link":"https:\/\/archive.sana.sy\/tr\/?p=244846","title":{"rendered":"Ter\u00f6ristler Kuneytra&#8217;da Bir Uzla\u015fma Komitesi \u00dcyesinin Arabas\u0131nda Patlay\u0131c\u0131 Bir Cihaz Patlatt\u0131"},"content":{"rendered":"<p>KUNEYTRA \u2013 Ter\u00f6ristler, Kuneytra k\u0131rsal\u0131n\u0131n g\u00fcneyinde yer alan El Kusaiba k\u00f6y\u00fcnde, sahibinin evinin \u00f6n\u00fcnde park halinde bir ara\u00e7ta patlay\u0131c\u0131n\u0131n infilak ettirdi ve buda herhangi bir can kayb\u0131na yol a\u00e7madan meydana geldi.<\/p>\n<p>Yerel kaynaklar SANA muhabirine, &#8220;Ter\u00f6ristler taraf\u0131ndan Kuneytra&#8217;daki Uzla\u015fma Komitesi \u00fcyesi Abdullah El \u015eeride&#8217;nin arabas\u0131na yerle\u015ftirilen patlay\u0131c\u0131n\u0131n El Kusaiba k\u00f6y\u00fcndeki evinin \u00f6n\u00fcnde patlad\u0131\u011f\u0131n\u0131 belirtti.<\/p>\n","protected":false},"excerpt":{"rendered":"<p>KUNEYTRA \u2013 Ter\u00f6ristler, Kuneytra k\u0131rsal\u0131n\u0131n g\u00fcneyinde yer alan El Kusaiba k\u00f6y\u00fcnde, sahibinin evinin \u00f6n\u00fcnde park halinde bir ara\u00e7ta patlay\u0131c\u0131n\u0131n infilak ettirdi ve buda herhangi bir can kayb\u0131na yol a\u00e7madan meydana geldi. Yerel kaynaklar SANA muhabirine, &#8220;Ter\u00f6ristler taraf\u0131ndan Kuneytra&#8217;daki Uzla\u015fma Komitesi \u00fcyesi Abdullah El \u015eeride&#8217;nin arabas\u0131na yerle\u015ftirilen patlay\u0131c\u0131n\u0131n El Kusaiba k\u00f6y\u00fcndeki evinin \u00f6n\u00fcnde patlad\u0131\u011f\u0131n\u0131 belirtti.<\/p>\n","protected":false},"author":36,"featured_media":244847,"comment_status":"closed","ping_status":"closed","sticky":false,"template":"","format":"standard","meta":{"footnotes":""},"categories":[479,575,17988,478],"tags":[],"class_list":["post-244846","post","type-post","status-publish","format-standard","has-post-thumbnail","","category-haberler-yerel","category-olaylar-ve-gercekler","category-son-haberler","category-yerel"],"_links":{"self":[{"href":"https:\/\/archive.sana.sy\/tr\/index.php?rest_route=\/wp\/v2\/posts\/244846","targetHints":{"allow":["GET"]}}],"collection":[{"href":"https:\/\/archive.sana.sy\/tr\/index.php?rest_route=\/wp\/v2\/posts"}],"about":[{"href":"https:\/\/archive.sana.sy\/tr\/index.php?rest_route=\/wp\/v2\/types\/post"}],"author":[{"embeddable":true,"href":"https:\/\/archive.sana.sy\/tr\/index.php?rest_route=\/wp\/v2\/users\/36"}],"replies":[{"embeddable":true,"href":"https:\/\/archive.sana.sy\/tr\/index.php?rest_route=%2Fwp%2Fv2%2Fcomments&post=244846"}],"version-history":[{"count":0,"href":"https:\/\/archive.sana.sy\/tr\/index.php?rest_route=\/wp\/v2\/posts\/244846\/revisions"}],"wp:featuredmedia":[{"embeddable":true,"href":"https:\/\/archive.sana.sy\/tr\/index.php?rest_route=\/wp\/v2\/media\/244847"}],"wp:attachment":[{"href":"https:\/\/archive.sana.sy\/tr\/index.php?rest_route=%2Fwp%2Fv2%2Fmedia&parent=244846"}],"wp:term":[{"taxonomy":"category","embeddable":true,"href":"https:\/\/archive.sana.sy\/tr\/index.php?rest_route=%2Fwp%2Fv2%2Fcategories&post=244846"},{"taxonomy":"post_tag","embeddable":true,"href":"https:\/\/archive.sana.sy\/tr\/index.php?rest_route=%2Fwp%2Fv2%2Ftags&post=244846"}],"curies":[{"name":"wp","href":"https:\/\/api.w.org\/{rel}","templated":true}]}}