{"id":244856,"date":"2021-10-18T14:10:03","date_gmt":"2021-10-18T11:10:03","guid":{"rendered":"http:\/\/107.6.182.27\/tr\/?p=244856"},"modified":"2021-10-20T08:14:29","modified_gmt":"2021-10-20T05:14:29","slug":"ordu-dera-kirsali-el-karak-koyunde-tarama-ve-arama-operasyonlari-duzenliyor","status":"publish","type":"post","link":"https:\/\/archive.sana.sy\/tr\/?p=244856","title":{"rendered":"Ordu, Dera k\u0131rsal\u0131 El Karak K\u00f6y\u00fcnde Tarama Ve Arama Operasyonlar\u0131 D\u00fczenliyor"},"content":{"rendered":"<p style=\"text-align: justify;\">DERA &#8211; Suriye Arap Ordusu&#8217;na ba\u011fl\u0131 birlikler, Dera k\u0131rsal\u0131nda yerle\u015fim operasyonlar\u0131n\u0131n ger\u00e7ekle\u015ftirildi\u011fi k\u00f6y ve kasabalar\u0131 tarama ve arama eylemleri devam ederken, devlet taraf\u0131ndan \u00f6nerilen uzla\u015fma ittifak\u0131n\u0131n uygulanmas\u0131 i\u00e7in bug\u00fcn do\u011fu k\u0131rsal\u0131ndaki El Karak k\u00f6y\u00fc ve \u00e7evresinde tarama eylemi d\u00fczenledi.<\/p>\n<p style=\"text-align: justify;\">SANA&#8217;n\u0131n Dera&#8217;daki muhabiri, &#8220;Bu sabahtan itibaren ordu birlikleri, hizmet yetkililerinin vatanda\u015flara hizmet sunma konusundaki \u00e7al\u0131\u015fmalar\u0131n\u0131 tatbik etmek \u00fczere geri d\u00f6n\u00fc\u015f\u00fcne haz\u0131rl\u0131k olarak el Karak k\u00f6y\u00fc ve \u00e7evresini tarama ve aramaya ba\u015flad\u0131&#8221; dedi.<\/p>\n","protected":false},"excerpt":{"rendered":"<p>DERA &#8211; Suriye Arap Ordusu&#8217;na ba\u011fl\u0131 birlikler, Dera k\u0131rsal\u0131nda yerle\u015fim operasyonlar\u0131n\u0131n ger\u00e7ekle\u015ftirildi\u011fi k\u00f6y ve kasabalar\u0131 tarama ve arama eylemleri devam ederken, devlet taraf\u0131ndan \u00f6nerilen uzla\u015fma ittifak\u0131n\u0131n uygulanmas\u0131 i\u00e7in bug\u00fcn do\u011fu k\u0131rsal\u0131ndaki El Karak k\u00f6y\u00fc ve \u00e7evresinde tarama eylemi d\u00fczenledi. SANA&#8217;n\u0131n Dera&#8217;daki muhabiri, &#8220;Bu sabahtan itibaren ordu birlikleri, hizmet yetkililerinin vatanda\u015flara hizmet sunma konusundaki \u00e7al\u0131\u015fmalar\u0131n\u0131 tatbik &hellip;<\/p>\n","protected":false},"author":1,"featured_media":244857,"comment_status":"closed","ping_status":"closed","sticky":false,"template":"","format":"standard","meta":{"footnotes":""},"categories":[479,575,17988,478],"tags":[],"class_list":["post-244856","post","type-post","status-publish","format-standard","has-post-thumbnail","","category-haberler-yerel","category-olaylar-ve-gercekler","category-son-haberler","category-yerel"],"_links":{"self":[{"href":"https:\/\/archive.sana.sy\/tr\/index.php?rest_route=\/wp\/v2\/posts\/244856","targetHints":{"allow":["GET"]}}],"collection":[{"href":"https:\/\/archive.sana.sy\/tr\/index.php?rest_route=\/wp\/v2\/posts"}],"about":[{"href":"https:\/\/archive.sana.sy\/tr\/index.php?rest_route=\/wp\/v2\/types\/post"}],"author":[{"embeddable":true,"href":"https:\/\/archive.sana.sy\/tr\/index.php?rest_route=\/wp\/v2\/users\/1"}],"replies":[{"embeddable":true,"href":"https:\/\/archive.sana.sy\/tr\/index.php?rest_route=%2Fwp%2Fv2%2Fcomments&post=244856"}],"version-history":[{"count":0,"href":"https:\/\/archive.sana.sy\/tr\/index.php?rest_route=\/wp\/v2\/posts\/244856\/revisions"}],"wp:featuredmedia":[{"embeddable":true,"href":"https:\/\/archive.sana.sy\/tr\/index.php?rest_route=\/wp\/v2\/media\/244857"}],"wp:attachment":[{"href":"https:\/\/archive.sana.sy\/tr\/index.php?rest_route=%2Fwp%2Fv2%2Fmedia&parent=244856"}],"wp:term":[{"taxonomy":"category","embeddable":true,"href":"https:\/\/archive.sana.sy\/tr\/index.php?rest_route=%2Fwp%2Fv2%2Fcategories&post=244856"},{"taxonomy":"post_tag","embeddable":true,"href":"https:\/\/archive.sana.sy\/tr\/index.php?rest_route=%2Fwp%2Fv2%2Ftags&post=244856"}],"curies":[{"name":"wp","href":"https:\/\/api.w.org\/{rel}","templated":true}]}}