{"id":244863,"date":"2021-10-18T22:41:58","date_gmt":"2021-10-18T19:41:58","guid":{"rendered":"http:\/\/107.6.182.27\/tr\/?p=244863"},"modified":"2021-10-20T08:14:44","modified_gmt":"2021-10-20T05:14:44","slug":"cumhurbaskani-esadin-teklifiyle-bakan-azzam-direnisci-sehit-mithat-el-salihin-ailesine-taziyelerini-iletti","status":"publish","type":"post","link":"https:\/\/archive.sana.sy\/tr\/?p=244863","title":{"rendered":"Cumhurba\u015fkan\u0131 Esad&#8217;\u0131n Teklifiyle Bakan Azzam Direni\u015f\u00e7i \u015eehit Mithat El Salih&#8217;in Ailesine Taziyelerini \u0130letti"},"content":{"rendered":"<p style=\"text-align: justify;\">\u015eAM &#8211; Cumhurba\u015fkan\u0131 Be\u015f\u015far Esad&#8217;\u0131n teklifiyle Cumhurba\u015fkanl\u0131\u011f\u0131 \u0130\u015flerinden Sorumlu Devlet Bakan\u0131 Mansur Azzam Kahraman Direni\u015f\u00e7i Mithat el Salih&#8217;in ailesine taziyelerini iletti.<\/p>\n","protected":false},"excerpt":{"rendered":"<p>\u015eAM &#8211; Cumhurba\u015fkan\u0131 Be\u015f\u015far Esad&#8217;\u0131n teklifiyle Cumhurba\u015fkanl\u0131\u011f\u0131 \u0130\u015flerinden Sorumlu Devlet Bakan\u0131 Mansur Azzam Kahraman Direni\u015f\u00e7i Mithat el Salih&#8217;in ailesine taziyelerini iletti.<\/p>\n","protected":false},"author":1,"featured_media":244864,"comment_status":"closed","ping_status":"closed","sticky":false,"template":"","format":"standard","meta":{"footnotes":""},"categories":[479,17988,478],"tags":[],"class_list":["post-244863","post","type-post","status-publish","format-standard","has-post-thumbnail","","category-haberler-yerel","category-son-haberler","category-yerel"],"_links":{"self":[{"href":"https:\/\/archive.sana.sy\/tr\/index.php?rest_route=\/wp\/v2\/posts\/244863","targetHints":{"allow":["GET"]}}],"collection":[{"href":"https:\/\/archive.sana.sy\/tr\/index.php?rest_route=\/wp\/v2\/posts"}],"about":[{"href":"https:\/\/archive.sana.sy\/tr\/index.php?rest_route=\/wp\/v2\/types\/post"}],"author":[{"embeddable":true,"href":"https:\/\/archive.sana.sy\/tr\/index.php?rest_route=\/wp\/v2\/users\/1"}],"replies":[{"embeddable":true,"href":"https:\/\/archive.sana.sy\/tr\/index.php?rest_route=%2Fwp%2Fv2%2Fcomments&post=244863"}],"version-history":[{"count":0,"href":"https:\/\/archive.sana.sy\/tr\/index.php?rest_route=\/wp\/v2\/posts\/244863\/revisions"}],"wp:featuredmedia":[{"embeddable":true,"href":"https:\/\/archive.sana.sy\/tr\/index.php?rest_route=\/wp\/v2\/media\/244864"}],"wp:attachment":[{"href":"https:\/\/archive.sana.sy\/tr\/index.php?rest_route=%2Fwp%2Fv2%2Fmedia&parent=244863"}],"wp:term":[{"taxonomy":"category","embeddable":true,"href":"https:\/\/archive.sana.sy\/tr\/index.php?rest_route=%2Fwp%2Fv2%2Fcategories&post=244863"},{"taxonomy":"post_tag","embeddable":true,"href":"https:\/\/archive.sana.sy\/tr\/index.php?rest_route=%2Fwp%2Fv2%2Ftags&post=244863"}],"curies":[{"name":"wp","href":"https:\/\/api.w.org\/{rel}","templated":true}]}}