{"id":244869,"date":"2021-10-18T23:24:26","date_gmt":"2021-10-18T20:24:26","guid":{"rendered":"http:\/\/107.6.182.27\/tr\/?p=244869"},"modified":"2021-10-19T11:33:28","modified_gmt":"2021-10-19T08:33:28","slug":"saglik-yeni-402-koronavirus-80-sifa-21-vefat-vakasi-kaydedildi","status":"publish","type":"post","link":"https:\/\/archive.sana.sy\/tr\/?p=244869","title":{"rendered":"Sa\u011fl\u0131k: Yeni 402 Koronavir\u00fcs, 80 \u015eifa, 21 Vefat Vakas\u0131 Kaydedildi"},"content":{"rendered":"<p style=\"text-align: justify;\">\u015eAM &#8211; Sa\u011fl\u0131k Bakanl\u0131\u011f\u0131 bug\u00fcn, 402 Koronavir\u00fcs vakas\u0131n\u0131n tescil edildi\u011fini, Suriye&#8217;de tescil edilen toplam koronavir\u00fcs vakalar\u0131ndan 80 vakan\u0131n \u015fifa buldu\u011funu, 21 vakan\u0131n da vefat etti\u011fini ilan etti.<\/p>\n<p style=\"text-align: justify;\">Bakanl\u0131k yay\u0131nlad\u0131\u011f\u0131 ve SANA&#8217;n\u0131n bir n\u00fcshas\u0131n\u0131 ald\u0131\u011f\u0131 beyanda, Suriye&#8217;de tescil edilen Koronavir\u00fcs vakalar\u0131 bilan\u00e7osunun bug\u00fcne kadar 39488 vakaya y\u00fckseldi\u011fini, tescil edilen korona vakalar\u0131ndan 35095 vakan\u0131n \u015fifa buldu\u011funu, 2429 vakan\u0131n da vefat etti\u011fine i\u015faret etti.<\/p>\n","protected":false},"excerpt":{"rendered":"<p>\u015eAM &#8211; Sa\u011fl\u0131k Bakanl\u0131\u011f\u0131 bug\u00fcn, 402 Koronavir\u00fcs vakas\u0131n\u0131n tescil edildi\u011fini, Suriye&#8217;de tescil edilen toplam koronavir\u00fcs vakalar\u0131ndan 80 vakan\u0131n \u015fifa buldu\u011funu, 21 vakan\u0131n da vefat etti\u011fini ilan etti. Bakanl\u0131k yay\u0131nlad\u0131\u011f\u0131 ve SANA&#8217;n\u0131n bir n\u00fcshas\u0131n\u0131 ald\u0131\u011f\u0131 beyanda, Suriye&#8217;de tescil edilen Koronavir\u00fcs vakalar\u0131 bilan\u00e7osunun bug\u00fcne kadar 39488 vakaya y\u00fckseldi\u011fini, tescil edilen korona vakalar\u0131ndan 35095 vakan\u0131n \u015fifa buldu\u011funu, 2429 &hellip;<\/p>\n","protected":false},"author":1,"featured_media":244870,"comment_status":"closed","ping_status":"closed","sticky":false,"template":"","format":"standard","meta":{"footnotes":""},"categories":[479,17988,525,478],"tags":[],"class_list":["post-244869","post","type-post","status-publish","format-standard","has-post-thumbnail","","category-haberler-yerel","category-son-haberler","category-toplum","category-yerel"],"_links":{"self":[{"href":"https:\/\/archive.sana.sy\/tr\/index.php?rest_route=\/wp\/v2\/posts\/244869","targetHints":{"allow":["GET"]}}],"collection":[{"href":"https:\/\/archive.sana.sy\/tr\/index.php?rest_route=\/wp\/v2\/posts"}],"about":[{"href":"https:\/\/archive.sana.sy\/tr\/index.php?rest_route=\/wp\/v2\/types\/post"}],"author":[{"embeddable":true,"href":"https:\/\/archive.sana.sy\/tr\/index.php?rest_route=\/wp\/v2\/users\/1"}],"replies":[{"embeddable":true,"href":"https:\/\/archive.sana.sy\/tr\/index.php?rest_route=%2Fwp%2Fv2%2Fcomments&post=244869"}],"version-history":[{"count":0,"href":"https:\/\/archive.sana.sy\/tr\/index.php?rest_route=\/wp\/v2\/posts\/244869\/revisions"}],"wp:featuredmedia":[{"embeddable":true,"href":"https:\/\/archive.sana.sy\/tr\/index.php?rest_route=\/wp\/v2\/media\/244870"}],"wp:attachment":[{"href":"https:\/\/archive.sana.sy\/tr\/index.php?rest_route=%2Fwp%2Fv2%2Fmedia&parent=244869"}],"wp:term":[{"taxonomy":"category","embeddable":true,"href":"https:\/\/archive.sana.sy\/tr\/index.php?rest_route=%2Fwp%2Fv2%2Fcategories&post=244869"},{"taxonomy":"post_tag","embeddable":true,"href":"https:\/\/archive.sana.sy\/tr\/index.php?rest_route=%2Fwp%2Fv2%2Ftags&post=244869"}],"curies":[{"name":"wp","href":"https:\/\/api.w.org\/{rel}","templated":true}]}}