{"id":244878,"date":"2021-10-18T23:38:26","date_gmt":"2021-10-18T20:38:26","guid":{"rendered":"http:\/\/107.6.182.27\/tr\/?p=244878"},"modified":"2021-10-20T08:15:07","modified_gmt":"2021-10-20T05:15:07","slug":"rusya-teroristlerin-idlibde-varligini-surdurmesini-kabul-etmeyecegiz","status":"publish","type":"post","link":"https:\/\/archive.sana.sy\/tr\/?p=244878","title":{"rendered":"Rusya: Ter\u00f6ristlerin \u0130dlib&#8217;de Varl\u0131\u011f\u0131n\u0131 S\u00fcrd\u00fcrmesini Kabul Etmeyece\u011fiz"},"content":{"rendered":"<p style=\"text-align: justify;\">MOSKOVA &#8211; Rusya D\u0131\u015fi\u015fleri Bakan Yard\u0131mc\u0131s\u0131 Oleg Siromolotov, ter\u00f6ristlerin \u0130dlib&#8217;de sivilleri canl\u0131 kalkan olarak kullanmaya devam etti\u011fini ve Suriye Arap Ordusu mevzilerini hedef ald\u0131\u011f\u0131n\u0131 belirterek, bu durumun kabul edilemeyece\u011fini vurgulad\u0131.<\/p>\n<p style=\"text-align: justify;\">Siromolotov, bug\u00fcn TASS&#8217;a verdi\u011fi r\u00f6portajda, &#8220;Ter\u00f6ristler \u0130dlib&#8217;deki sivilleri canl\u0131 kalkan olarak kullan\u0131yorlar, Suriye Arap Ordusunun mevzilerini hedef al\u0131yorlar ve s\u00fcrekli insans\u0131z hava ara\u00e7lar\u0131yla Hmeymim&#8217;deki Rus \u00fcss\u00fcne sald\u0131rmaya \u00e7al\u0131\u015f\u0131yorlar. Elbette bu durumu kabul edemeyiz. Ortaklar\u0131m\u0131z da bunu biliyor&#8221; dedi.<\/p>\n<p style=\"text-align: justify;\">Siromolotov, Rusya&#8217;n\u0131n Suriye&#8217;de &#8220;uluslararas\u0131 ter\u00f6r\u00fcn yenilgiye u\u011frat\u0131lmas\u0131na&#8221; katk\u0131da bulundu\u011funu belirterek; &#8220;ter\u00f6ristlerin s\u0131zma s\u00fcrecinin b\u00f6lge s\u0131n\u0131rlar\u0131 d\u0131\u015f\u0131nda da devam etti\u011fini ve bunun uluslararas\u0131 g\u00fcvenli\u011fe ciddi bir tehdit olu\u015fturdu\u011funu&#8221; s\u00f6yledi.<\/p>\n<p style=\"text-align: justify;\">Orta Do\u011fu ve Kuzey Afrika&#8217;n\u0131n b\u00f6lgesel ve uluslararas\u0131 g\u00fcvenli\u011fe y\u00f6nelik artan zorluklarla dolu ciddi bir istikrars\u0131zl\u0131ktan muzdarip oldu\u011funu kaydederek, durumu karma\u015f\u0131kla\u015ft\u0131ran \u015feyin, ter\u00f6ristlerin geri d\u00f6nd\u00fckleri \u00fclkelerde gen\u00e7leri sabote etmeye ve askere almaya odaklanmalar\u0131d\u0131r&#8221; dedi.<\/p>\n<p style=\"text-align: justify;\">Siromotolov, genel durumun bir yandan Corona vir\u00fcs\u00fcn\u00fcn yay\u0131lmas\u0131 ve di\u011fer yandan da ABD&#8217;nin Afganistan&#8217;dan \u00e7ekilmesiyle daha da k\u00f6t\u00fcle\u015fti\u011fini vurgulad\u0131.<\/p>\n","protected":false},"excerpt":{"rendered":"<p>MOSKOVA &#8211; Rusya D\u0131\u015fi\u015fleri Bakan Yard\u0131mc\u0131s\u0131 Oleg Siromolotov, ter\u00f6ristlerin \u0130dlib&#8217;de sivilleri canl\u0131 kalkan olarak kullanmaya devam etti\u011fini ve Suriye Arap Ordusu mevzilerini hedef ald\u0131\u011f\u0131n\u0131 belirterek, bu durumun kabul edilemeyece\u011fini vurgulad\u0131. Siromolotov, bug\u00fcn TASS&#8217;a verdi\u011fi r\u00f6portajda, &#8220;Ter\u00f6ristler \u0130dlib&#8217;deki sivilleri canl\u0131 kalkan olarak kullan\u0131yorlar, Suriye Arap Ordusunun mevzilerini hedef al\u0131yorlar ve s\u00fcrekli insans\u0131z hava ara\u00e7lar\u0131yla Hmeymim&#8217;deki Rus &hellip;<\/p>\n","protected":false},"author":1,"featured_media":244879,"comment_status":"closed","ping_status":"closed","sticky":false,"template":"","format":"standard","meta":{"footnotes":""},"categories":[458,459,17988],"tags":[],"class_list":["post-244878","post","type-post","status-publish","format-standard","has-post-thumbnail","","category-dunya1","category-haberler-arap-uluslararasi-politika","category-son-haberler"],"_links":{"self":[{"href":"https:\/\/archive.sana.sy\/tr\/index.php?rest_route=\/wp\/v2\/posts\/244878","targetHints":{"allow":["GET"]}}],"collection":[{"href":"https:\/\/archive.sana.sy\/tr\/index.php?rest_route=\/wp\/v2\/posts"}],"about":[{"href":"https:\/\/archive.sana.sy\/tr\/index.php?rest_route=\/wp\/v2\/types\/post"}],"author":[{"embeddable":true,"href":"https:\/\/archive.sana.sy\/tr\/index.php?rest_route=\/wp\/v2\/users\/1"}],"replies":[{"embeddable":true,"href":"https:\/\/archive.sana.sy\/tr\/index.php?rest_route=%2Fwp%2Fv2%2Fcomments&post=244878"}],"version-history":[{"count":0,"href":"https:\/\/archive.sana.sy\/tr\/index.php?rest_route=\/wp\/v2\/posts\/244878\/revisions"}],"wp:featuredmedia":[{"embeddable":true,"href":"https:\/\/archive.sana.sy\/tr\/index.php?rest_route=\/wp\/v2\/media\/244879"}],"wp:attachment":[{"href":"https:\/\/archive.sana.sy\/tr\/index.php?rest_route=%2Fwp%2Fv2%2Fmedia&parent=244878"}],"wp:term":[{"taxonomy":"category","embeddable":true,"href":"https:\/\/archive.sana.sy\/tr\/index.php?rest_route=%2Fwp%2Fv2%2Fcategories&post=244878"},{"taxonomy":"post_tag","embeddable":true,"href":"https:\/\/archive.sana.sy\/tr\/index.php?rest_route=%2Fwp%2Fv2%2Ftags&post=244878"}],"curies":[{"name":"wp","href":"https:\/\/api.w.org\/{rel}","templated":true}]}}