{"id":244883,"date":"2021-10-19T14:07:01","date_gmt":"2021-10-19T11:07:01","guid":{"rendered":"http:\/\/107.6.182.27\/tr\/?p=244883"},"modified":"2021-10-20T08:16:05","modified_gmt":"2021-10-20T05:16:05","slug":"uluslararasi-35-islam-birligi-konferansi-tahranda-basladi","status":"publish","type":"post","link":"https:\/\/archive.sana.sy\/tr\/?p=244883","title":{"rendered":"Uluslararas\u0131 35. \u0130slam Birli\u011fi Konferans\u0131 Tahran&#8217;da Ba\u015flad\u0131"},"content":{"rendered":"<p style=\"text-align: justify;\">TAHRAN &#8211; 35. Uluslararas\u0131 \u0130slam Birli\u011fi Konferans\u0131, \u00e7e\u015fitli \u0130slam \u00fclkelerinden bir grup ara\u015ft\u0131rmac\u0131 ve d\u00fc\u015f\u00fcn\u00fcr\u00fcn kat\u0131l\u0131m\u0131yla bug\u00fcn \u0130ran&#8217;\u0131n ba\u015fkenti Tahran&#8217;da ba\u015flad\u0131.<\/p>\n<p style=\"text-align: justify;\">Konferans\u0131n a\u00e7\u0131l\u0131\u015f\u0131nda yapt\u0131\u011f\u0131 konu\u015fmada \u0130ran Cumhurba\u015fkan\u0131 \u0130brahim Reisi, k\u00fcresel kibirli g\u00fc\u00e7lerin kendi \u00e7\u0131karlar\u0131n\u0131 ve Siyonist varl\u0131\u011f\u0131n \u00e7\u0131karlar\u0131n\u0131 uygulamak i\u00e7in a\u015f\u0131r\u0131l\u0131k ve ter\u00f6r \u00f6rg\u00fctlerini anla\u015fmazl\u0131k \u00e7\u0131karmaya ve desteklemeye \u00e7al\u0131\u015ft\u0131\u011f\u0131n\u0131 belirterek, Filistin davas\u0131n\u0131n \u00f6ncelikli \u0130slam davalar\u0131n\u0131n ba\u015f\u0131nda olmas\u0131 gerekti\u011fini ve herkesin \u00f6nemine haiz olmas\u0131 gerekti\u011fini vurgulad\u0131.<\/p>\n<p style=\"text-align: justify;\">Reisi, &#8220;D\u00fc\u015fman istikrar\u0131 bozmak isterken biz istikrar ar\u0131yoruz. Bizler birli\u011fin \u00e7\u00f6z\u00fcm oldu\u011funu g\u00f6r\u00fcyoruz. Bu nedenle t\u00fcm \u0130slam \u00fclkelerine ve \u0130slam&#8217;\u0131n i\u015fleriyle ilgilenenlere dostluk eli uzat\u0131yoruz&#8221; diyerek, \u0130slam \u00fclkeleri aras\u0131nda medya ve k\u00fclt\u00fcrel i\u015fbirli\u011finin geni\u015fletilmesi \u00e7a\u011fr\u0131s\u0131nda bulundu.<\/p>\n<p style=\"text-align: justify;\">\u0130ran Cumhurba\u015fkan\u0131, d\u00fc\u015fmanlar\u0131n M\u00fcsl\u00fcmanlar aras\u0131na nifak sokma, a\u015f\u0131r\u0131l\u0131k yanl\u0131s\u0131 gruplar yerle\u015ftirme ve onlara silah sa\u011flama \u00e7abalar\u0131na kar\u015f\u0131 uyar\u0131da bulunarak, d\u00fc\u015fmanlar\u0131n \u0130slam \u00fclkelerinde komplo politikalar\u0131n\u0131 s\u00fcrd\u00fcrd\u00fcklerini, Suriye, Irak ve di\u011fer \u00fclkelerde tan\u0131k oldu\u011fumuz \u015feyin bu oldu\u011funu belirtti.<\/p>\n<p style=\"text-align: justify;\">Bug\u00fcnk\u00fc oturumunda, \u0130slam d\u00fcnyas\u0131n\u0131n kar\u015f\u0131 kar\u015f\u0131ya oldu\u011fu en \u00f6nemli zorluklar\u0131 ve d\u00fcnya bar\u0131\u015f\u0131n\u0131 tehdit eden fakt\u00f6rleri tart\u0131\u015facak olan konferans\u0131n eksenleri sava\u015f, adil bar\u0131\u015f, \u0130slam karde\u015fli\u011fi, ter\u00f6rle m\u00fccadele, dini fikir \u00f6zg\u00fcrl\u00fc\u011f\u00fc, i\u00e7tihat ve a\u015f\u0131r\u0131l\u0131k ve tekfirle m\u00fccadele konular\u0131na odaklanacak.<\/p>\n<p style=\"text-align: justify;\">Uluslararas\u0131 \u0130slam Birli\u011fi Konferans\u0131, M\u00fcsl\u00fcmanlar aras\u0131nda birlik ve dayan\u0131\u015fmay\u0131 sa\u011flamay\u0131 ve bilim adamlar\u0131 ve ara\u015ft\u0131rmac\u0131lar aras\u0131nda bilimsel ve k\u00fclt\u00fcrel g\u00f6r\u00fc\u015flerini yak\u0131nla\u015ft\u0131rmak i\u00e7in fikir al\u0131\u015fveri\u015finde bulunmay\u0131 ama\u00e7lamaktad\u0131r.<\/p>\n<p style=\"text-align: justify;\">Konferansa \u0130ran ve d\u00fcnyan\u0131n d\u00f6rt bir yan\u0131ndan 52 \u00fclkeden siyasi ve k\u00fclt\u00fcrel se\u00e7kinler, \u00fcniversite profes\u00f6rleri, sosyal aktivistler ve medya profesyonellerinden 514 makale g\u00f6nderildi.<\/p>\n<p style=\"text-align: justify;\">Corona pandemisinin yay\u0131lmas\u0131 nedeniyle, toplam konu\u015fmac\u0131lardan 360 konu\u015fma sanal bir bi\u00e7imde okunacak.<\/p>\n","protected":false},"excerpt":{"rendered":"<p>TAHRAN &#8211; 35. Uluslararas\u0131 \u0130slam Birli\u011fi Konferans\u0131, \u00e7e\u015fitli \u0130slam \u00fclkelerinden bir grup ara\u015ft\u0131rmac\u0131 ve d\u00fc\u015f\u00fcn\u00fcr\u00fcn kat\u0131l\u0131m\u0131yla bug\u00fcn \u0130ran&#8217;\u0131n ba\u015fkenti Tahran&#8217;da ba\u015flad\u0131. Konferans\u0131n a\u00e7\u0131l\u0131\u015f\u0131nda yapt\u0131\u011f\u0131 konu\u015fmada \u0130ran Cumhurba\u015fkan\u0131 \u0130brahim Reisi, k\u00fcresel kibirli g\u00fc\u00e7lerin kendi \u00e7\u0131karlar\u0131n\u0131 ve Siyonist varl\u0131\u011f\u0131n \u00e7\u0131karlar\u0131n\u0131 uygulamak i\u00e7in a\u015f\u0131r\u0131l\u0131k ve ter\u00f6r \u00f6rg\u00fctlerini anla\u015fmazl\u0131k \u00e7\u0131karmaya ve desteklemeye \u00e7al\u0131\u015ft\u0131\u011f\u0131n\u0131 belirterek, Filistin davas\u0131n\u0131n \u00f6ncelikli \u0130slam davalar\u0131n\u0131n &hellip;<\/p>\n","protected":false},"author":1,"featured_media":244884,"comment_status":"closed","ping_status":"closed","sticky":false,"template":"","format":"standard","meta":{"footnotes":""},"categories":[458,459,17988],"tags":[],"class_list":["post-244883","post","type-post","status-publish","format-standard","has-post-thumbnail","","category-dunya1","category-haberler-arap-uluslararasi-politika","category-son-haberler"],"_links":{"self":[{"href":"https:\/\/archive.sana.sy\/tr\/index.php?rest_route=\/wp\/v2\/posts\/244883","targetHints":{"allow":["GET"]}}],"collection":[{"href":"https:\/\/archive.sana.sy\/tr\/index.php?rest_route=\/wp\/v2\/posts"}],"about":[{"href":"https:\/\/archive.sana.sy\/tr\/index.php?rest_route=\/wp\/v2\/types\/post"}],"author":[{"embeddable":true,"href":"https:\/\/archive.sana.sy\/tr\/index.php?rest_route=\/wp\/v2\/users\/1"}],"replies":[{"embeddable":true,"href":"https:\/\/archive.sana.sy\/tr\/index.php?rest_route=%2Fwp%2Fv2%2Fcomments&post=244883"}],"version-history":[{"count":0,"href":"https:\/\/archive.sana.sy\/tr\/index.php?rest_route=\/wp\/v2\/posts\/244883\/revisions"}],"wp:featuredmedia":[{"embeddable":true,"href":"https:\/\/archive.sana.sy\/tr\/index.php?rest_route=\/wp\/v2\/media\/244884"}],"wp:attachment":[{"href":"https:\/\/archive.sana.sy\/tr\/index.php?rest_route=%2Fwp%2Fv2%2Fmedia&parent=244883"}],"wp:term":[{"taxonomy":"category","embeddable":true,"href":"https:\/\/archive.sana.sy\/tr\/index.php?rest_route=%2Fwp%2Fv2%2Fcategories&post=244883"},{"taxonomy":"post_tag","embeddable":true,"href":"https:\/\/archive.sana.sy\/tr\/index.php?rest_route=%2Fwp%2Fv2%2Ftags&post=244883"}],"curies":[{"name":"wp","href":"https:\/\/api.w.org\/{rel}","templated":true}]}}