{"id":244886,"date":"2021-10-19T14:09:55","date_gmt":"2021-10-19T11:09:55","guid":{"rendered":"http:\/\/107.6.182.27\/tr\/?p=244886"},"modified":"2021-10-20T08:16:25","modified_gmt":"2021-10-20T05:16:25","slug":"isgalci-turkiye-ve-kiraliklari-tel-temr-ve-rasulayn-cevresine-fuzelerle-saldirdi","status":"publish","type":"post","link":"https:\/\/archive.sana.sy\/tr\/?p=244886","title":{"rendered":"\u0130\u015fgalci T\u00fcrkiye Ve Kiral\u0131klar\u0131 Tel Temr Ve Rasulayn \u00c7evresine F\u00fczelerle Sald\u0131rd\u0131"},"content":{"rendered":"<p style=\"text-align: justify;\">HASEKE \u2013 \u0130\u015fgalci T\u00fcrk g\u00fc\u00e7leri ve ter\u00f6r \u00f6rg\u00fctlerine ba\u011fl\u0131 kiral\u0131klar\u0131, Haseke&#8217;nin kuzeybat\u0131 k\u0131rsal\u0131ndaki Tel Temr ve Rasulayn civar\u0131ndaki g\u00fcvenli k\u00f6y ve beldelere y\u00f6nelik sald\u0131r\u0131lar\u0131n\u0131 yineledi.<\/p>\n<p style=\"text-align: justify;\">Yerel kaynaklar SANA muhabirine verdi\u011fi deme\u00e7te, T\u00fcrk i\u015fgal kuvvetleri ve ter\u00f6rist kiral\u0131klar\u0131n\u0131n Haseke k\u0131rsal\u0131na ba\u011fl\u0131 Tal Temr yak\u0131nlar\u0131ndaki Dardara, Hamra ve Tel \u015einan k\u00f6ylerine isabet eden \u00e7ok say\u0131da top mermisi ve roket atarak evlerde ve \u00f6zel m\u00fclklerde maddi hasara yol a\u00e7t\u0131\u011f\u0131n\u0131 s\u00f6yledi.<\/p>\n<p style=\"text-align: justify;\">Kaynaklar, T\u00fcrk i\u015fgal kuvvetleri ve kiral\u0131klar\u0131n\u0131n, Haseke&#8217;nin kuzey k\u0131rsal\u0131ndaki konu\u015flanma b\u00f6lgelerinin, temas hatlar\u0131n\u0131n kar\u015f\u0131 taraf\u0131nda bulunan mevcudiyet merkezleri aras\u0131nda hareketlere tan\u0131k oldu\u011funa, Rasul Ayn ve kuzeybat\u0131 k\u0131rsal\u0131ndaki T\u00fcrk i\u015fgal \u00fcslerinden baz\u0131lar\u0131na takviye kuvvetlerinin geldi\u011fine dikkat \u00e7ekti.<\/p>\n","protected":false},"excerpt":{"rendered":"<p>HASEKE \u2013 \u0130\u015fgalci T\u00fcrk g\u00fc\u00e7leri ve ter\u00f6r \u00f6rg\u00fctlerine ba\u011fl\u0131 kiral\u0131klar\u0131, Haseke&#8217;nin kuzeybat\u0131 k\u0131rsal\u0131ndaki Tel Temr ve Rasulayn civar\u0131ndaki g\u00fcvenli k\u00f6y ve beldelere y\u00f6nelik sald\u0131r\u0131lar\u0131n\u0131 yineledi. Yerel kaynaklar SANA muhabirine verdi\u011fi deme\u00e7te, T\u00fcrk i\u015fgal kuvvetleri ve ter\u00f6rist kiral\u0131klar\u0131n\u0131n Haseke k\u0131rsal\u0131na ba\u011fl\u0131 Tal Temr yak\u0131nlar\u0131ndaki Dardara, Hamra ve Tel \u015einan k\u00f6ylerine isabet eden \u00e7ok say\u0131da top mermisi &hellip;<\/p>\n","protected":false},"author":1,"featured_media":244887,"comment_status":"closed","ping_status":"closed","sticky":false,"template":"","format":"standard","meta":{"footnotes":""},"categories":[479,17988,2554,2555,478],"tags":[],"class_list":["post-244886","post","type-post","status-publish","format-standard","has-post-thumbnail","","category-haberler-yerel","category-son-haberler","category-suriye-ve-dunya","category-suriye-ve-turkiye","category-yerel"],"_links":{"self":[{"href":"https:\/\/archive.sana.sy\/tr\/index.php?rest_route=\/wp\/v2\/posts\/244886","targetHints":{"allow":["GET"]}}],"collection":[{"href":"https:\/\/archive.sana.sy\/tr\/index.php?rest_route=\/wp\/v2\/posts"}],"about":[{"href":"https:\/\/archive.sana.sy\/tr\/index.php?rest_route=\/wp\/v2\/types\/post"}],"author":[{"embeddable":true,"href":"https:\/\/archive.sana.sy\/tr\/index.php?rest_route=\/wp\/v2\/users\/1"}],"replies":[{"embeddable":true,"href":"https:\/\/archive.sana.sy\/tr\/index.php?rest_route=%2Fwp%2Fv2%2Fcomments&post=244886"}],"version-history":[{"count":0,"href":"https:\/\/archive.sana.sy\/tr\/index.php?rest_route=\/wp\/v2\/posts\/244886\/revisions"}],"wp:featuredmedia":[{"embeddable":true,"href":"https:\/\/archive.sana.sy\/tr\/index.php?rest_route=\/wp\/v2\/media\/244887"}],"wp:attachment":[{"href":"https:\/\/archive.sana.sy\/tr\/index.php?rest_route=%2Fwp%2Fv2%2Fmedia&parent=244886"}],"wp:term":[{"taxonomy":"category","embeddable":true,"href":"https:\/\/archive.sana.sy\/tr\/index.php?rest_route=%2Fwp%2Fv2%2Fcategories&post=244886"},{"taxonomy":"post_tag","embeddable":true,"href":"https:\/\/archive.sana.sy\/tr\/index.php?rest_route=%2Fwp%2Fv2%2Ftags&post=244886"}],"curies":[{"name":"wp","href":"https:\/\/api.w.org\/{rel}","templated":true}]}}