{"id":244896,"date":"2021-10-19T20:39:35","date_gmt":"2021-10-19T17:39:35","guid":{"rendered":"http:\/\/107.6.182.27\/tr\/?p=244896"},"modified":"2021-10-21T08:22:59","modified_gmt":"2021-10-21T05:22:59","slug":"el-sisi-misir-kibris-ve-yunanistanin-suriye-topraklarinin-birligine-bagli-kalinmasiyla-ilgili-tutumlar-birdir","status":"publish","type":"post","link":"https:\/\/archive.sana.sy\/tr\/?p=244896","title":{"rendered":"El Sisi: M\u0131s\u0131r, K\u0131br\u0131s Ve Yunanistan&#8217;\u0131n Suriye Topraklar\u0131n\u0131n Birli\u011fine Ba\u011fl\u0131 Kal\u0131nmas\u0131yla \u0130lgili Tutumlar Birdir"},"content":{"rendered":"<p style=\"text-align: justify;\">AT\u0130NA &#8211; M\u0131s\u0131r, K\u0131br\u0131s ve Yunanistan aras\u0131nda Atina&#8217;da d\u00fczenlenen \u00fc\u00e7l\u00fc zirvede, M\u0131s\u0131r Cumhurba\u015fkan\u0131 Abdul Fettah El-Sisi, \u00fc\u00e7 \u00fclkenin Suriye&#8217;nin birli\u011fi ve toprak b\u00fct\u00fcnl\u00fc\u011f\u00fcne ba\u011fl\u0131 kalma tutumlar\u0131n\u0131n tutarl\u0131l\u0131\u011f\u0131n\u0131 belirtti.<\/p>\n<p style=\"text-align: justify;\">M\u0131s\u0131r Cumhurba\u015fkan\u0131, baz\u0131 b\u00f6lgesel taraflar\u0131n Suriye egemenli\u011fini ihlal etme giri\u015fimlerinin reddedildi\u011fini ve ter\u00f6r \u00f6rg\u00fctleri tehlikesiyle m\u00fccadele etmek ve onlara kar\u015f\u0131 koyulmas\u0131 zorunlulu\u011funun \u00f6nemini vurgulad\u0131.<\/p>\n","protected":false},"excerpt":{"rendered":"<p>AT\u0130NA &#8211; M\u0131s\u0131r, K\u0131br\u0131s ve Yunanistan aras\u0131nda Atina&#8217;da d\u00fczenlenen \u00fc\u00e7l\u00fc zirvede, M\u0131s\u0131r Cumhurba\u015fkan\u0131 Abdul Fettah El-Sisi, \u00fc\u00e7 \u00fclkenin Suriye&#8217;nin birli\u011fi ve toprak b\u00fct\u00fcnl\u00fc\u011f\u00fcne ba\u011fl\u0131 kalma tutumlar\u0131n\u0131n tutarl\u0131l\u0131\u011f\u0131n\u0131 belirtti. M\u0131s\u0131r Cumhurba\u015fkan\u0131, baz\u0131 b\u00f6lgesel taraflar\u0131n Suriye egemenli\u011fini ihlal etme giri\u015fimlerinin reddedildi\u011fini ve ter\u00f6r \u00f6rg\u00fctleri tehlikesiyle m\u00fccadele etmek ve onlara kar\u015f\u0131 koyulmas\u0131 zorunlulu\u011funun \u00f6nemini vurgulad\u0131.<\/p>\n","protected":false},"author":1,"featured_media":244897,"comment_status":"closed","ping_status":"closed","sticky":false,"template":"","format":"standard","meta":{"footnotes":""},"categories":[458,459,17988],"tags":[],"class_list":["post-244896","post","type-post","status-publish","format-standard","has-post-thumbnail","","category-dunya1","category-haberler-arap-uluslararasi-politika","category-son-haberler"],"_links":{"self":[{"href":"https:\/\/archive.sana.sy\/tr\/index.php?rest_route=\/wp\/v2\/posts\/244896","targetHints":{"allow":["GET"]}}],"collection":[{"href":"https:\/\/archive.sana.sy\/tr\/index.php?rest_route=\/wp\/v2\/posts"}],"about":[{"href":"https:\/\/archive.sana.sy\/tr\/index.php?rest_route=\/wp\/v2\/types\/post"}],"author":[{"embeddable":true,"href":"https:\/\/archive.sana.sy\/tr\/index.php?rest_route=\/wp\/v2\/users\/1"}],"replies":[{"embeddable":true,"href":"https:\/\/archive.sana.sy\/tr\/index.php?rest_route=%2Fwp%2Fv2%2Fcomments&post=244896"}],"version-history":[{"count":0,"href":"https:\/\/archive.sana.sy\/tr\/index.php?rest_route=\/wp\/v2\/posts\/244896\/revisions"}],"wp:featuredmedia":[{"embeddable":true,"href":"https:\/\/archive.sana.sy\/tr\/index.php?rest_route=\/wp\/v2\/media\/244897"}],"wp:attachment":[{"href":"https:\/\/archive.sana.sy\/tr\/index.php?rest_route=%2Fwp%2Fv2%2Fmedia&parent=244896"}],"wp:term":[{"taxonomy":"category","embeddable":true,"href":"https:\/\/archive.sana.sy\/tr\/index.php?rest_route=%2Fwp%2Fv2%2Fcategories&post=244896"},{"taxonomy":"post_tag","embeddable":true,"href":"https:\/\/archive.sana.sy\/tr\/index.php?rest_route=%2Fwp%2Fv2%2Ftags&post=244896"}],"curies":[{"name":"wp","href":"https:\/\/api.w.org\/{rel}","templated":true}]}}