{"id":244915,"date":"2021-10-20T08:00:02","date_gmt":"2021-10-20T05:00:02","guid":{"rendered":"http:\/\/107.6.182.27\/tr\/?p=244915"},"modified":"2021-10-21T08:23:03","modified_gmt":"2021-10-21T05:23:03","slug":"buyukelci-attye-suriyenin-kimyasal-silahlarin-yasaklanmasi-orgutuunde-daimi-temsilcisi-atandi","status":"publish","type":"post","link":"https:\/\/archive.sana.sy\/tr\/?p=244915","title":{"rendered":"B\u00fcy\u00fckel\u00e7i Attye, Suriye&#8217;nin Kimyasal Silahlar\u0131n Yasaklanmas\u0131 \u00d6rg\u00fct\u00fc&#8217;\u00fcnde Daimi Temsilcisi Atand\u0131"},"content":{"rendered":"<p>LAHEY \u2013 Suriye Arap Cumhuriyeti&#8217;nin Kimyasal Silahlar\u0131n Yasaklanmas\u0131 \u00d6rg\u00fct\u00fc Daimi Temsilcisi B\u00fcy\u00fckel\u00e7i Milad Attye Lahey&#8217;de \u00d6rg\u00fct\u00fcn Genel Direkt\u00f6r\u00fc Fernando Arias&#8217;a itimatnamesini sundu.<\/p>\n<p><img loading=\"lazy\" decoding=\"async\" class=\"size-medium wp-image-244916 alignright\" src=\"http:\/\/107.6.182.27\/tr\/wp-content\/uploads\/2021\/10\/2-23-300x225.jpg\" alt=\"\" width=\"300\" height=\"225\" srcset=\"https:\/\/archive.sana.sy\/tr\/wp-content\/uploads\/2021\/10\/2-23-300x225.jpg 300w, https:\/\/archive.sana.sy\/tr\/wp-content\/uploads\/2021\/10\/2-23-150x113.jpg 150w, https:\/\/archive.sana.sy\/tr\/wp-content\/uploads\/2021\/10\/2-23.jpg 660w\" sizes=\"auto, (max-width: 300px) 100vw, 300px\" \/>itimatnamesinin takdim t\u00f6reninin ard\u0131ndan B\u00fcy\u00fckel\u00e7i Attye, Arias ile Kimyasal Silahlar\u0131n Yasaklanmas\u0131 \u00d6rg\u00fct\u00fc ile i\u015fbirli\u011fi umutlar\u0131n\u0131 g\u00f6r\u00fc\u015ft\u00fc.<\/p>\n<p>Attye, \u00f6rg\u00fct\u00fcn teknik sekretaryas\u0131n\u0131n Kimyasal Silahlar S\u00f6zle\u015fmesi&#8217;nde belirtilen teknik g\u00f6revini yerine getirmesi ve S\u00f6zle\u015fme h\u00fck\u00fcmlerinin siyasalla\u015ft\u0131rma ve \u00e7ifte standarttan uzak bir \u015fekilde uygulanmas\u0131na sad\u0131k kalmas\u0131 gerekti\u011fini vurgulad\u0131.<\/p>\n<p>Arias, Suriye h\u00fck\u00fcmetine \u00f6rg\u00fcte daimi bir temsilci atad\u0131\u011f\u0131 i\u00e7in te\u015fekk\u00fcr etti.<\/p>\n<p>Arias, &#8220;\u00d6rg\u00fct\u00fcn teknik sekreterli\u011fi ile birlikte, geri kalan sorunlar\u0131 \u00e7\u00f6zmek i\u00e7in verimli ve yap\u0131c\u0131 bir i\u015fbirli\u011fine ula\u015fmak i\u00e7in azami \u00e7abay\u0131 g\u00f6sterece\u011fini&#8221; s\u00f6zlerine ekledi.<\/p>\n<p>itimatnamesinin takdim t\u00f6renine \u00d6rg\u00fct Daimi Temsilci Yard\u0131mc\u0131s\u0131 Dr. Luay El Auji&#8217;nin yan\u0131 s\u0131ra \u00d6rg\u00fct Genel M\u00fcd\u00fcr Yard\u0131mc\u0131s\u0131 ve \u00d6rg\u00fct Teknik Sekreterli\u011fi&#8217;ndeki \u00e7ok say\u0131da daire ba\u015fkan\u0131 ve y\u00f6netici kat\u0131ld\u0131.<\/p>\n","protected":false},"excerpt":{"rendered":"<p>LAHEY \u2013 Suriye Arap Cumhuriyeti&#8217;nin Kimyasal Silahlar\u0131n Yasaklanmas\u0131 \u00d6rg\u00fct\u00fc Daimi Temsilcisi B\u00fcy\u00fckel\u00e7i Milad Attye Lahey&#8217;de \u00d6rg\u00fct\u00fcn Genel Direkt\u00f6r\u00fc Fernando Arias&#8217;a itimatnamesini sundu. itimatnamesinin takdim t\u00f6reninin ard\u0131ndan B\u00fcy\u00fckel\u00e7i Attye, Arias ile Kimyasal Silahlar\u0131n Yasaklanmas\u0131 \u00d6rg\u00fct\u00fc ile i\u015fbirli\u011fi umutlar\u0131n\u0131 g\u00f6r\u00fc\u015ft\u00fc. Attye, \u00f6rg\u00fct\u00fcn teknik sekretaryas\u0131n\u0131n Kimyasal Silahlar S\u00f6zle\u015fmesi&#8217;nde belirtilen teknik g\u00f6revini yerine getirmesi ve S\u00f6zle\u015fme h\u00fck\u00fcmlerinin siyasalla\u015ft\u0131rma ve &hellip;<\/p>\n","protected":false},"author":36,"featured_media":244917,"comment_status":"closed","ping_status":"closed","sticky":false,"template":"","format":"standard","meta":{"footnotes":""},"categories":[458,459,17988],"tags":[],"class_list":["post-244915","post","type-post","status-publish","format-standard","has-post-thumbnail","","category-dunya1","category-haberler-arap-uluslararasi-politika","category-son-haberler"],"_links":{"self":[{"href":"https:\/\/archive.sana.sy\/tr\/index.php?rest_route=\/wp\/v2\/posts\/244915","targetHints":{"allow":["GET"]}}],"collection":[{"href":"https:\/\/archive.sana.sy\/tr\/index.php?rest_route=\/wp\/v2\/posts"}],"about":[{"href":"https:\/\/archive.sana.sy\/tr\/index.php?rest_route=\/wp\/v2\/types\/post"}],"author":[{"embeddable":true,"href":"https:\/\/archive.sana.sy\/tr\/index.php?rest_route=\/wp\/v2\/users\/36"}],"replies":[{"embeddable":true,"href":"https:\/\/archive.sana.sy\/tr\/index.php?rest_route=%2Fwp%2Fv2%2Fcomments&post=244915"}],"version-history":[{"count":0,"href":"https:\/\/archive.sana.sy\/tr\/index.php?rest_route=\/wp\/v2\/posts\/244915\/revisions"}],"wp:featuredmedia":[{"embeddable":true,"href":"https:\/\/archive.sana.sy\/tr\/index.php?rest_route=\/wp\/v2\/media\/244917"}],"wp:attachment":[{"href":"https:\/\/archive.sana.sy\/tr\/index.php?rest_route=%2Fwp%2Fv2%2Fmedia&parent=244915"}],"wp:term":[{"taxonomy":"category","embeddable":true,"href":"https:\/\/archive.sana.sy\/tr\/index.php?rest_route=%2Fwp%2Fv2%2Fcategories&post=244915"},{"taxonomy":"post_tag","embeddable":true,"href":"https:\/\/archive.sana.sy\/tr\/index.php?rest_route=%2Fwp%2Fv2%2Ftags&post=244915"}],"curies":[{"name":"wp","href":"https:\/\/api.w.org\/{rel}","templated":true}]}}