{"id":244989,"date":"2021-10-21T10:26:21","date_gmt":"2021-10-21T07:26:21","guid":{"rendered":"http:\/\/107.6.182.27\/tr\/?p=244989"},"modified":"2021-10-21T13:03:36","modified_gmt":"2021-10-21T10:03:36","slug":"turk-isgal-gucleri-ve-kiraliklari-seyh-isa-koyune-fuzelerle-saldirdi","status":"publish","type":"post","link":"https:\/\/archive.sana.sy\/tr\/?p=244989","title":{"rendered":"\u0130\u015fgalci T\u00fcrk Kuvvetleri Ve Kiral\u0131klar\u0131, \u015eeyh \u0130sa K\u00f6y\u00fcne F\u00fczelerle Sald\u0131rd\u0131"},"content":{"rendered":"<p>HALEP \u2013 Halep k\u0131rsal\u0131n\u0131n kuzeyinde T\u00fcrk i\u015fgal g\u00fc\u00e7leri ve \u00e7etelerinin halk\u0131n evlerine ve m\u00fclklerine top ve f\u00fcze mermileriyle sald\u0131rmas\u0131 sonucunda iki \u00e7ocuk ve bir kad\u0131n yaraland\u0131.<\/p>\n<p>Yerel kaynaklar SANA muhabirine, T\u00fcrk i\u015fgal g\u00fc\u00e7leri ve \u00e7etelerine ait \u00e7ok say\u0131da top ve roket mermisinin ge\u00e7ti\u011fimiz saatlerde Halep k\u0131rsal\u0131n\u0131n kuzeyinde yer alan \u015eeyh \u0130sa k\u00f6y\u00fcne d\u00fc\u015ft\u00fc\u011f\u00fcn\u00fc belirtti.<\/p>\n<p>Kaynaklar, s\u00f6z konusu sald\u0131r\u0131lar\u0131n sonucunda, 2 \u00e7ocu\u011fun ve bir kad\u0131n\u0131n yaraland\u0131\u011f\u0131n\u0131 ve vatanda\u015flar\u0131n evlerine ve m\u00fclklerine zara verdi\u011fine i\u015faret etti.<\/p>\n","protected":false},"excerpt":{"rendered":"<p>HALEP \u2013 Halep k\u0131rsal\u0131n\u0131n kuzeyinde T\u00fcrk i\u015fgal g\u00fc\u00e7leri ve \u00e7etelerinin halk\u0131n evlerine ve m\u00fclklerine top ve f\u00fcze mermileriyle sald\u0131rmas\u0131 sonucunda iki \u00e7ocuk ve bir kad\u0131n yaraland\u0131. Yerel kaynaklar SANA muhabirine, T\u00fcrk i\u015fgal g\u00fc\u00e7leri ve \u00e7etelerine ait \u00e7ok say\u0131da top ve roket mermisinin ge\u00e7ti\u011fimiz saatlerde Halep k\u0131rsal\u0131n\u0131n kuzeyinde yer alan \u015eeyh \u0130sa k\u00f6y\u00fcne d\u00fc\u015ft\u00fc\u011f\u00fcn\u00fc belirtti. Kaynaklar, &hellip;<\/p>\n","protected":false},"author":36,"featured_media":244990,"comment_status":"closed","ping_status":"closed","sticky":false,"template":"","format":"standard","meta":{"footnotes":""},"categories":[479,575,17988,2554,2555,478],"tags":[],"class_list":["post-244989","post","type-post","status-publish","format-standard","has-post-thumbnail","","category-haberler-yerel","category-olaylar-ve-gercekler","category-son-haberler","category-suriye-ve-dunya","category-suriye-ve-turkiye","category-yerel"],"_links":{"self":[{"href":"https:\/\/archive.sana.sy\/tr\/index.php?rest_route=\/wp\/v2\/posts\/244989","targetHints":{"allow":["GET"]}}],"collection":[{"href":"https:\/\/archive.sana.sy\/tr\/index.php?rest_route=\/wp\/v2\/posts"}],"about":[{"href":"https:\/\/archive.sana.sy\/tr\/index.php?rest_route=\/wp\/v2\/types\/post"}],"author":[{"embeddable":true,"href":"https:\/\/archive.sana.sy\/tr\/index.php?rest_route=\/wp\/v2\/users\/36"}],"replies":[{"embeddable":true,"href":"https:\/\/archive.sana.sy\/tr\/index.php?rest_route=%2Fwp%2Fv2%2Fcomments&post=244989"}],"version-history":[{"count":0,"href":"https:\/\/archive.sana.sy\/tr\/index.php?rest_route=\/wp\/v2\/posts\/244989\/revisions"}],"wp:featuredmedia":[{"embeddable":true,"href":"https:\/\/archive.sana.sy\/tr\/index.php?rest_route=\/wp\/v2\/media\/244990"}],"wp:attachment":[{"href":"https:\/\/archive.sana.sy\/tr\/index.php?rest_route=%2Fwp%2Fv2%2Fmedia&parent=244989"}],"wp:term":[{"taxonomy":"category","embeddable":true,"href":"https:\/\/archive.sana.sy\/tr\/index.php?rest_route=%2Fwp%2Fv2%2Fcategories&post=244989"},{"taxonomy":"post_tag","embeddable":true,"href":"https:\/\/archive.sana.sy\/tr\/index.php?rest_route=%2Fwp%2Fv2%2Ftags&post=244989"}],"curies":[{"name":"wp","href":"https:\/\/api.w.org\/{rel}","templated":true}]}}