{"id":245067,"date":"2021-10-23T12:08:18","date_gmt":"2021-10-23T09:08:18","guid":{"rendered":"http:\/\/107.6.182.27\/tr\/?p=245067"},"modified":"2021-10-27T08:15:41","modified_gmt":"2021-10-27T05:15:41","slug":"dsg-milisleri-haseke-ve-cevresinde-birkac-genci-kacirdi","status":"publish","type":"post","link":"https:\/\/archive.sana.sy\/tr\/?p=245067","title":{"rendered":"DSG Milisleri, Haseke ve \u00c7evresinde Birka\u00e7 Genci Ka\u00e7\u0131rd\u0131"},"content":{"rendered":"<p>HASEKE \u2013 Amerikan i\u015fgal g\u00fc\u00e7leri taraf\u0131ndan desteklenen DSG milisleri, Haseke kentinde, ana giri\u015flerinde ve \u00e7evresindeki bir\u00e7ok b\u00f6lgede silahl\u0131 kontrol noktalar\u0131n\u0131 yo\u011funla\u015ft\u0131rd\u0131 ve onlarca genci ka\u00e7\u0131rd\u0131.<\/p>\n<p>Yerel kaynaklar SANA&#8217;ya yapt\u0131klar\u0131 a\u00e7\u0131klamada, son saatlerde DSG milislerine ba\u011fl\u0131 silahl\u0131lar\u0131n Hasaka \u015fehir merkezinin kuzeyindeki Mar\u015fo kav\u015fa\u011f\u0131ndan u\u00e7an silahl\u0131 kontrol noktalar\u0131 arac\u0131l\u0131\u011f\u0131yla 20 genci ve \u015fehrin \u00e7e\u015fitli noktalar\u0131ndan onlarca genci ka\u00e7\u0131rd\u0131\u011f\u0131n\u0131 belirtti.<\/p>\n<p>Kaynaklar, milislerin, ka\u00e7\u0131rd\u0131klar\u0131 gen\u00e7lerin saflar\u0131nda sava\u015fmaya zorlamak i\u00e7in e\u011fitim kamplar\u0131na g\u00f6t\u00fcrd\u00fc\u011f\u00fcne dikkat \u00e7ekti.<\/p>\n","protected":false},"excerpt":{"rendered":"<p>HASEKE \u2013 Amerikan i\u015fgal g\u00fc\u00e7leri taraf\u0131ndan desteklenen DSG milisleri, Haseke kentinde, ana giri\u015flerinde ve \u00e7evresindeki bir\u00e7ok b\u00f6lgede silahl\u0131 kontrol noktalar\u0131n\u0131 yo\u011funla\u015ft\u0131rd\u0131 ve onlarca genci ka\u00e7\u0131rd\u0131. Yerel kaynaklar SANA&#8217;ya yapt\u0131klar\u0131 a\u00e7\u0131klamada, son saatlerde DSG milislerine ba\u011fl\u0131 silahl\u0131lar\u0131n Hasaka \u015fehir merkezinin kuzeyindeki Mar\u015fo kav\u015fa\u011f\u0131ndan u\u00e7an silahl\u0131 kontrol noktalar\u0131 arac\u0131l\u0131\u011f\u0131yla 20 genci ve \u015fehrin \u00e7e\u015fitli noktalar\u0131ndan onlarca genci &hellip;<\/p>\n","protected":false},"author":36,"featured_media":245068,"comment_status":"closed","ping_status":"closed","sticky":false,"template":"","format":"standard","meta":{"footnotes":""},"categories":[479,575,17988,478],"tags":[],"class_list":["post-245067","post","type-post","status-publish","format-standard","has-post-thumbnail","","category-haberler-yerel","category-olaylar-ve-gercekler","category-son-haberler","category-yerel"],"_links":{"self":[{"href":"https:\/\/archive.sana.sy\/tr\/index.php?rest_route=\/wp\/v2\/posts\/245067","targetHints":{"allow":["GET"]}}],"collection":[{"href":"https:\/\/archive.sana.sy\/tr\/index.php?rest_route=\/wp\/v2\/posts"}],"about":[{"href":"https:\/\/archive.sana.sy\/tr\/index.php?rest_route=\/wp\/v2\/types\/post"}],"author":[{"embeddable":true,"href":"https:\/\/archive.sana.sy\/tr\/index.php?rest_route=\/wp\/v2\/users\/36"}],"replies":[{"embeddable":true,"href":"https:\/\/archive.sana.sy\/tr\/index.php?rest_route=%2Fwp%2Fv2%2Fcomments&post=245067"}],"version-history":[{"count":0,"href":"https:\/\/archive.sana.sy\/tr\/index.php?rest_route=\/wp\/v2\/posts\/245067\/revisions"}],"wp:featuredmedia":[{"embeddable":true,"href":"https:\/\/archive.sana.sy\/tr\/index.php?rest_route=\/wp\/v2\/media\/245068"}],"wp:attachment":[{"href":"https:\/\/archive.sana.sy\/tr\/index.php?rest_route=%2Fwp%2Fv2%2Fmedia&parent=245067"}],"wp:term":[{"taxonomy":"category","embeddable":true,"href":"https:\/\/archive.sana.sy\/tr\/index.php?rest_route=%2Fwp%2Fv2%2Fcategories&post=245067"},{"taxonomy":"post_tag","embeddable":true,"href":"https:\/\/archive.sana.sy\/tr\/index.php?rest_route=%2Fwp%2Fv2%2Ftags&post=245067"}],"curies":[{"name":"wp","href":"https:\/\/api.w.org\/{rel}","templated":true}]}}