{"id":24507,"date":"2015-02-22T11:39:10","date_gmt":"2015-02-22T09:39:10","guid":{"rendered":"http:\/\/www.sana.sy\/tr\/?p=24507"},"modified":"2015-02-22T11:36:01","modified_gmt":"2015-02-22T09:36:01","slug":"askeri-kaynak-ordu-birliklerimizin-lazkiye-kuzey-kirsalinin-salma-bidama-el-eydo-ve-ayn-hourda-duzenledigi-basarili-operasyonlar-sonucunda-terorist-orgutlere-tabi-bir-kac-hucreyi-imha-etti","status":"publish","type":"post","link":"https:\/\/archive.sana.sy\/tr\/?p=24507","title":{"rendered":"Askeri kaynak, ordu birliklerimizin Lazkiye kuzey k\u0131rsal\u0131n\u0131n Salma, Bidama, el Eydo ve Ayn Hour\u2019da d\u00fczenledi\u011fi ba\u015far\u0131l\u0131 operasyonlar sonucunda ter\u00f6rist \u00f6rg\u00fctlere tabi bir ka\u00e7 h\u00fccreyi imha ettiklerini belirtti."},"content":{"rendered":"<p>Askeri kaynak, ordu birliklerimizin Lazkiye kuzey k\u0131rsal\u0131n\u0131n Salma, Bidama, el Eydo ve Ayn Hour\u2019da d\u00fczenledi\u011fi ba\u015far\u0131l\u0131 operasyonlar sonucunda ter\u00f6rist \u00f6rg\u00fctlere tabi bir ka\u00e7 h\u00fccreyi imha ettiklerini belirtti.<\/p>\n","protected":false},"excerpt":{"rendered":"<p>Askeri kaynak, ordu birliklerimizin Lazkiye kuzey k\u0131rsal\u0131n\u0131n Salma, Bidama, el Eydo ve Ayn Hour\u2019da d\u00fczenledi\u011fi ba\u015far\u0131l\u0131 operasyonlar sonucunda ter\u00f6rist \u00f6rg\u00fctlere tabi bir ka\u00e7 h\u00fccreyi imha ettiklerini belirtti.<\/p>\n","protected":false},"author":1,"featured_media":0,"comment_status":"closed","ping_status":"closed","sticky":false,"template":"","format":"standard","meta":{"footnotes":""},"categories":[1],"tags":[1031,11709,11710,11708],"class_list":["post-24507","post","type-post","status-publish","format-standard","","category-news-not-sorted","tag-askeri-kaynak","tag-bidama","tag-el-eydo-ve-ayn-hourda-duzenledigi-basarili-operasyonlar-sonucunda-terorist-orgutlere-tabi-bir-kac-hucreyi-imha-ettiklerini-belirtti","tag-ordu-birliklerimizin-lazkiye-kuzey-kirsalinin-salma"],"_links":{"self":[{"href":"https:\/\/archive.sana.sy\/tr\/index.php?rest_route=\/wp\/v2\/posts\/24507","targetHints":{"allow":["GET"]}}],"collection":[{"href":"https:\/\/archive.sana.sy\/tr\/index.php?rest_route=\/wp\/v2\/posts"}],"about":[{"href":"https:\/\/archive.sana.sy\/tr\/index.php?rest_route=\/wp\/v2\/types\/post"}],"author":[{"embeddable":true,"href":"https:\/\/archive.sana.sy\/tr\/index.php?rest_route=\/wp\/v2\/users\/1"}],"replies":[{"embeddable":true,"href":"https:\/\/archive.sana.sy\/tr\/index.php?rest_route=%2Fwp%2Fv2%2Fcomments&post=24507"}],"version-history":[{"count":0,"href":"https:\/\/archive.sana.sy\/tr\/index.php?rest_route=\/wp\/v2\/posts\/24507\/revisions"}],"wp:attachment":[{"href":"https:\/\/archive.sana.sy\/tr\/index.php?rest_route=%2Fwp%2Fv2%2Fmedia&parent=24507"}],"wp:term":[{"taxonomy":"category","embeddable":true,"href":"https:\/\/archive.sana.sy\/tr\/index.php?rest_route=%2Fwp%2Fv2%2Fcategories&post=24507"},{"taxonomy":"post_tag","embeddable":true,"href":"https:\/\/archive.sana.sy\/tr\/index.php?rest_route=%2Fwp%2Fv2%2Ftags&post=24507"}],"curies":[{"name":"wp","href":"https:\/\/api.w.org\/{rel}","templated":true}]}}