{"id":245073,"date":"2021-10-24T08:29:04","date_gmt":"2021-10-24T05:29:04","guid":{"rendered":"http:\/\/107.6.182.27\/tr\/?p=245073"},"modified":"2021-10-27T08:15:56","modified_gmt":"2021-10-27T05:15:56","slug":"isgalci-turkiye-ve-kiraliklari-tel-temr-cevresine-fuzelerle-saldirdi-2","status":"publish","type":"post","link":"https:\/\/archive.sana.sy\/tr\/?p=245073","title":{"rendered":"\u0130\u015fgalci T\u00fcrkiye ve Kiral\u0131klar\u0131 Tel Temr \u00c7evresine F\u00fczelerle Sald\u0131rd\u0131"},"content":{"rendered":"<p>HASEKE \u2013 \u0130\u015fgalci T\u00fcrk g\u00fc\u00e7leri ve k\u0131ral\u0131k ter\u00f6r \u00f6rg\u00fctleri, Haseke k\u0131rsal\u0131n\u0131n kuzeybat\u0131s\u0131nda yer alan Tel Temr civar\u0131ndaki g\u00fcvenli k\u00f6y ve beldelere y\u00f6nelik sald\u0131r\u0131lar\u0131n\u0131 yineledi.<\/p>\n<p>Yerel kaynaklar SANA muhabirine yapt\u0131\u011f\u0131 a\u00e7\u0131klamada, T\u00fcrk i\u015fgal g\u00fc\u00e7leri ve ter\u00f6rist kiral\u0131klar\u0131n\u0131n, Haseke k\u0131rsal\u0131n\u0131n kuzeybat\u0131s\u0131nda yer alan Tel Temr kuzeyindeki Tel \u015eenan k\u00f6y\u00fcne sald\u0131rarak evlerde ve \u00f6zel m\u00fclklerde maddi hasara yol a\u00e7t\u0131\u011f\u0131n\u0131 belirtti.<\/p>\n","protected":false},"excerpt":{"rendered":"<p>HASEKE \u2013 \u0130\u015fgalci T\u00fcrk g\u00fc\u00e7leri ve k\u0131ral\u0131k ter\u00f6r \u00f6rg\u00fctleri, Haseke k\u0131rsal\u0131n\u0131n kuzeybat\u0131s\u0131nda yer alan Tel Temr civar\u0131ndaki g\u00fcvenli k\u00f6y ve beldelere y\u00f6nelik sald\u0131r\u0131lar\u0131n\u0131 yineledi. Yerel kaynaklar SANA muhabirine yapt\u0131\u011f\u0131 a\u00e7\u0131klamada, T\u00fcrk i\u015fgal g\u00fc\u00e7leri ve ter\u00f6rist kiral\u0131klar\u0131n\u0131n, Haseke k\u0131rsal\u0131n\u0131n kuzeybat\u0131s\u0131nda yer alan Tel Temr kuzeyindeki Tel \u015eenan k\u00f6y\u00fcne sald\u0131rarak evlerde ve \u00f6zel m\u00fclklerde maddi hasara yol &hellip;<\/p>\n","protected":false},"author":36,"featured_media":245074,"comment_status":"closed","ping_status":"closed","sticky":false,"template":"","format":"standard","meta":{"footnotes":""},"categories":[479,575,17988,2554,2555,478],"tags":[],"class_list":["post-245073","post","type-post","status-publish","format-standard","has-post-thumbnail","","category-haberler-yerel","category-olaylar-ve-gercekler","category-son-haberler","category-suriye-ve-dunya","category-suriye-ve-turkiye","category-yerel"],"_links":{"self":[{"href":"https:\/\/archive.sana.sy\/tr\/index.php?rest_route=\/wp\/v2\/posts\/245073","targetHints":{"allow":["GET"]}}],"collection":[{"href":"https:\/\/archive.sana.sy\/tr\/index.php?rest_route=\/wp\/v2\/posts"}],"about":[{"href":"https:\/\/archive.sana.sy\/tr\/index.php?rest_route=\/wp\/v2\/types\/post"}],"author":[{"embeddable":true,"href":"https:\/\/archive.sana.sy\/tr\/index.php?rest_route=\/wp\/v2\/users\/36"}],"replies":[{"embeddable":true,"href":"https:\/\/archive.sana.sy\/tr\/index.php?rest_route=%2Fwp%2Fv2%2Fcomments&post=245073"}],"version-history":[{"count":0,"href":"https:\/\/archive.sana.sy\/tr\/index.php?rest_route=\/wp\/v2\/posts\/245073\/revisions"}],"wp:featuredmedia":[{"embeddable":true,"href":"https:\/\/archive.sana.sy\/tr\/index.php?rest_route=\/wp\/v2\/media\/245074"}],"wp:attachment":[{"href":"https:\/\/archive.sana.sy\/tr\/index.php?rest_route=%2Fwp%2Fv2%2Fmedia&parent=245073"}],"wp:term":[{"taxonomy":"category","embeddable":true,"href":"https:\/\/archive.sana.sy\/tr\/index.php?rest_route=%2Fwp%2Fv2%2Fcategories&post=245073"},{"taxonomy":"post_tag","embeddable":true,"href":"https:\/\/archive.sana.sy\/tr\/index.php?rest_route=%2Fwp%2Fv2%2Ftags&post=245073"}],"curies":[{"name":"wp","href":"https:\/\/api.w.org\/{rel}","templated":true}]}}