{"id":245108,"date":"2021-10-24T10:53:45","date_gmt":"2021-10-24T07:53:45","guid":{"rendered":"http:\/\/107.6.182.27\/tr\/?p=245108"},"modified":"2021-10-27T08:16:31","modified_gmt":"2021-10-27T05:16:31","slug":"dera-kirsalindaki-izra-ve-seyh-miskin-beldelerinde-onlarca-silahli-ve-aranan-kisinin-durumlari-duzeltiliyor","status":"publish","type":"post","link":"https:\/\/archive.sana.sy\/tr\/?p=245108","title":{"rendered":"Dera K\u0131rsal\u0131ndaki \u0130zra ve \u015eeyh Miskin beldelerinde Onlarca Silahl\u0131 Ve Aranan Ki\u015finin Durumlar\u0131 D\u00fczeltiliyor"},"content":{"rendered":"<p>DERA \u2013 Devletin \u00f6nerdi\u011fi anla\u015fmaya g\u00f6re bug\u00fcn Dera ili&#8217;nin yeni b\u00f6lgelerinde silahl\u0131lar\u0131n ve aranan ki\u015filerin durumunun \u00e7\u00f6z\u00fcmle s\u00fcreci devam etti.<\/p>\n<p>SANA muhabiri, Dera k\u0131rsal\u0131n\u0131n kuzeyinde yer alan \u0130zra, \u015eeyh Miskin beldesi ve Lajat b\u00f6lgesindeki bir dizi k\u00f6yden silahl\u0131, aranan ki\u015filer ve asker ka\u00e7a\u011f\u0131n\u0131n durumlar\u0131n\u0131n \u00e7\u00f6z\u00fclme s\u00fcrecinin ba\u015flad\u0131\u011f\u0131n\u0131 belirtti.<\/p>\n<div id='gallery-1' class='gallery galleryid-245108 gallery-columns-1 gallery-size-full'><figure class='gallery-item'>\n\t\t\t<div class='gallery-icon landscape'>\n\t\t\t\t<a href='https:\/\/archive.sana.sy\/tr\/wp-content\/uploads\/2021\/10\/6-14.jpg'><img loading=\"lazy\" decoding=\"async\" width=\"800\" height=\"549\" src=\"https:\/\/archive.sana.sy\/tr\/wp-content\/uploads\/2021\/10\/6-14.jpg\" class=\"attachment-full size-full\" alt=\"\" srcset=\"https:\/\/archive.sana.sy\/tr\/wp-content\/uploads\/2021\/10\/6-14.jpg 800w, https:\/\/archive.sana.sy\/tr\/wp-content\/uploads\/2021\/10\/6-14-300x206.jpg 300w, https:\/\/archive.sana.sy\/tr\/wp-content\/uploads\/2021\/10\/6-14-150x103.jpg 150w, https:\/\/archive.sana.sy\/tr\/wp-content\/uploads\/2021\/10\/6-14-768x527.jpg 768w, https:\/\/archive.sana.sy\/tr\/wp-content\/uploads\/2021\/10\/6-14-110x75.jpg 110w\" sizes=\"auto, (max-width: 800px) 100vw, 800px\" \/><\/a>\n\t\t\t<\/div><\/figure>\n\t\t<\/div>\n\n","protected":false},"excerpt":{"rendered":"<p>DERA \u2013 Devletin \u00f6nerdi\u011fi anla\u015fmaya g\u00f6re bug\u00fcn Dera ili&#8217;nin yeni b\u00f6lgelerinde silahl\u0131lar\u0131n ve aranan ki\u015filerin durumunun \u00e7\u00f6z\u00fcmle s\u00fcreci devam etti. SANA muhabiri, Dera k\u0131rsal\u0131n\u0131n kuzeyinde yer alan \u0130zra, \u015eeyh Miskin beldesi ve Lajat b\u00f6lgesindeki bir dizi k\u00f6yden silahl\u0131, aranan ki\u015filer ve asker ka\u00e7a\u011f\u0131n\u0131n durumlar\u0131n\u0131n \u00e7\u00f6z\u00fclme s\u00fcrecinin ba\u015flad\u0131\u011f\u0131n\u0131 belirtti.<\/p>\n","protected":false},"author":36,"featured_media":245110,"comment_status":"closed","ping_status":"closed","sticky":false,"template":"","format":"standard","meta":{"footnotes":""},"categories":[479,17988,478],"tags":[],"class_list":["post-245108","post","type-post","status-publish","format-standard","has-post-thumbnail","","category-haberler-yerel","category-son-haberler","category-yerel"],"_links":{"self":[{"href":"https:\/\/archive.sana.sy\/tr\/index.php?rest_route=\/wp\/v2\/posts\/245108","targetHints":{"allow":["GET"]}}],"collection":[{"href":"https:\/\/archive.sana.sy\/tr\/index.php?rest_route=\/wp\/v2\/posts"}],"about":[{"href":"https:\/\/archive.sana.sy\/tr\/index.php?rest_route=\/wp\/v2\/types\/post"}],"author":[{"embeddable":true,"href":"https:\/\/archive.sana.sy\/tr\/index.php?rest_route=\/wp\/v2\/users\/36"}],"replies":[{"embeddable":true,"href":"https:\/\/archive.sana.sy\/tr\/index.php?rest_route=%2Fwp%2Fv2%2Fcomments&post=245108"}],"version-history":[{"count":0,"href":"https:\/\/archive.sana.sy\/tr\/index.php?rest_route=\/wp\/v2\/posts\/245108\/revisions"}],"wp:featuredmedia":[{"embeddable":true,"href":"https:\/\/archive.sana.sy\/tr\/index.php?rest_route=\/wp\/v2\/media\/245110"}],"wp:attachment":[{"href":"https:\/\/archive.sana.sy\/tr\/index.php?rest_route=%2Fwp%2Fv2%2Fmedia&parent=245108"}],"wp:term":[{"taxonomy":"category","embeddable":true,"href":"https:\/\/archive.sana.sy\/tr\/index.php?rest_route=%2Fwp%2Fv2%2Fcategories&post=245108"},{"taxonomy":"post_tag","embeddable":true,"href":"https:\/\/archive.sana.sy\/tr\/index.php?rest_route=%2Fwp%2Fv2%2Ftags&post=245108"}],"curies":[{"name":"wp","href":"https:\/\/api.w.org\/{rel}","templated":true}]}}