{"id":245112,"date":"2021-10-24T12:27:05","date_gmt":"2021-10-24T09:27:05","guid":{"rendered":"http:\/\/107.6.182.27\/tr\/?p=245112"},"modified":"2021-10-27T08:16:34","modified_gmt":"2021-10-27T05:16:34","slug":"cin-samdaki-teror-saldirisini-kinadi","status":"publish","type":"post","link":"https:\/\/archive.sana.sy\/tr\/?p=245112","title":{"rendered":"\u00c7in, \u015eam&#8217;daki ter\u00f6r sald\u0131r\u0131s\u0131n\u0131 k\u0131nad\u0131"},"content":{"rendered":"<p>PEK\u0130N \u2013 \u00c7in D\u0131\u015fi\u015fleri Bakanl\u0131\u011f\u0131, ge\u00e7en \u00c7ar\u015famba g\u00fcn\u00fc \u015eam&#8217;da bir askeri otob\u00fcse y\u00f6nelik ter\u00f6r sald\u0131r\u0131s\u0131n\u0131 k\u0131nad\u0131.<\/p>\n<p>\u00c7in medyas\u0131 \u00c7in D\u0131\u015fi\u015fleri Bakanl\u0131\u011f\u0131 s\u00f6zc\u00fcs\u00fc Wang Wenbin&#8217;in, \u00c7in&#8217;in \u015eam&#8217;daki ter\u00f6r sald\u0131r\u0131s\u0131n\u0131 \u015fiddetle k\u0131nad\u0131\u011f\u0131n\u0131 belirtirken, \u00fclkesinin \u015fehitlerin ve yaral\u0131lar\u0131n ailelerine ba\u015fsa\u011fl\u0131\u011f\u0131 diledi\u011fine i\u015faret etti.<\/p>\n<p>Wang Wenbin, \u00c7in&#8217;in ter\u00f6rizmin her t\u00fcr\u00fcne kar\u015f\u0131 oldu\u011funu ve Suriye h\u00fck\u00fcmetinin ter\u00f6rle m\u00fccadele \u00e7abalar\u0131na verdi\u011fi deste\u011fi yineledi\u011fini belirtitken, \u00fclke genelinde kal\u0131c\u0131 g\u00fcvenlik ve istikrar\u0131n sa\u011flanmas\u0131na yard\u0131mc\u0131 olmak i\u00e7in \u00fclkesinin uluslararas\u0131 toplumla birlikte \u00e7abalar\u0131n\u0131 teyit etti.<\/p>\n","protected":false},"excerpt":{"rendered":"<p>PEK\u0130N \u2013 \u00c7in D\u0131\u015fi\u015fleri Bakanl\u0131\u011f\u0131, ge\u00e7en \u00c7ar\u015famba g\u00fcn\u00fc \u015eam&#8217;da bir askeri otob\u00fcse y\u00f6nelik ter\u00f6r sald\u0131r\u0131s\u0131n\u0131 k\u0131nad\u0131. \u00c7in medyas\u0131 \u00c7in D\u0131\u015fi\u015fleri Bakanl\u0131\u011f\u0131 s\u00f6zc\u00fcs\u00fc Wang Wenbin&#8217;in, \u00c7in&#8217;in \u015eam&#8217;daki ter\u00f6r sald\u0131r\u0131s\u0131n\u0131 \u015fiddetle k\u0131nad\u0131\u011f\u0131n\u0131 belirtirken, \u00fclkesinin \u015fehitlerin ve yaral\u0131lar\u0131n ailelerine ba\u015fsa\u011fl\u0131\u011f\u0131 diledi\u011fine i\u015faret etti. Wang Wenbin, \u00c7in&#8217;in ter\u00f6rizmin her t\u00fcr\u00fcne kar\u015f\u0131 oldu\u011funu ve Suriye h\u00fck\u00fcmetinin ter\u00f6rle m\u00fccadele \u00e7abalar\u0131na verdi\u011fi &hellip;<\/p>\n","protected":false},"author":36,"featured_media":245115,"comment_status":"closed","ping_status":"closed","sticky":false,"template":"","format":"standard","meta":{"footnotes":""},"categories":[458,459,17988],"tags":[],"class_list":["post-245112","post","type-post","status-publish","format-standard","has-post-thumbnail","","category-dunya1","category-haberler-arap-uluslararasi-politika","category-son-haberler"],"_links":{"self":[{"href":"https:\/\/archive.sana.sy\/tr\/index.php?rest_route=\/wp\/v2\/posts\/245112","targetHints":{"allow":["GET"]}}],"collection":[{"href":"https:\/\/archive.sana.sy\/tr\/index.php?rest_route=\/wp\/v2\/posts"}],"about":[{"href":"https:\/\/archive.sana.sy\/tr\/index.php?rest_route=\/wp\/v2\/types\/post"}],"author":[{"embeddable":true,"href":"https:\/\/archive.sana.sy\/tr\/index.php?rest_route=\/wp\/v2\/users\/36"}],"replies":[{"embeddable":true,"href":"https:\/\/archive.sana.sy\/tr\/index.php?rest_route=%2Fwp%2Fv2%2Fcomments&post=245112"}],"version-history":[{"count":0,"href":"https:\/\/archive.sana.sy\/tr\/index.php?rest_route=\/wp\/v2\/posts\/245112\/revisions"}],"wp:featuredmedia":[{"embeddable":true,"href":"https:\/\/archive.sana.sy\/tr\/index.php?rest_route=\/wp\/v2\/media\/245115"}],"wp:attachment":[{"href":"https:\/\/archive.sana.sy\/tr\/index.php?rest_route=%2Fwp%2Fv2%2Fmedia&parent=245112"}],"wp:term":[{"taxonomy":"category","embeddable":true,"href":"https:\/\/archive.sana.sy\/tr\/index.php?rest_route=%2Fwp%2Fv2%2Fcategories&post=245112"},{"taxonomy":"post_tag","embeddable":true,"href":"https:\/\/archive.sana.sy\/tr\/index.php?rest_route=%2Fwp%2Fv2%2Ftags&post=245112"}],"curies":[{"name":"wp","href":"https:\/\/api.w.org\/{rel}","templated":true}]}}