{"id":245116,"date":"2021-10-24T18:53:34","date_gmt":"2021-10-24T15:53:34","guid":{"rendered":"http:\/\/107.6.182.27\/tr\/?p=245116"},"modified":"2021-10-27T08:16:42","modified_gmt":"2021-10-27T05:16:42","slug":"ordu-isgalci-amerikaya-ait-konvoyun-haseke-kirsalinda-bir-koye-girisini-engelledi","status":"publish","type":"post","link":"https:\/\/archive.sana.sy\/tr\/?p=245116","title":{"rendered":"Ordu, \u0130\u015fgalci Amerika&#8217;ya Ait Konvoyun Haseke K\u0131rsal\u0131nda Bir K\u00f6ye Giri\u015fini Engelledi"},"content":{"rendered":"<p style=\"text-align: justify;\">HASEKE &#8211; Suriye Arap Ordusu askerleri, Haseke&#8217;nin kuzey k\u0131rsal\u0131ndaki El Damhiya k\u00f6y\u00fcnden ge\u00e7meye \u00e7al\u0131\u015fan i\u015fgalci Amerikan kuvvetlerine ait askeri ara\u00e7 konvoyunun yolunu keserek geri \u00e7ekilmeye zorlad\u0131.<\/p>\n<p style=\"text-align: justify;\">Kam\u0131\u015fl\u0131 k\u0131rsal\u0131ndan sivil kaynaklar SANA muhabirine verdi\u011fi deme\u00e7te, Haseke&#8217;nin kuzey k\u0131rsal\u0131ndaki el Damhiya k\u00f6y\u00fcnde Suriye Arap Ordusu askerlerinin, k\u00f6y\u00fc ge\u00e7meye \u00e7al\u0131\u015fan 6 askeri ara\u00e7tan olu\u015fan i\u015fgalci Amerikan kuvvetlerine ait bir konvoyun \u00f6n\u00fcn\u00fc keserek, geri \u00e7ekilmeye ve b\u00f6lgeyi terketmeye zorlad\u0131klar\u0131n\u0131 belirtti.<\/p>\n","protected":false},"excerpt":{"rendered":"<p>HASEKE &#8211; Suriye Arap Ordusu askerleri, Haseke&#8217;nin kuzey k\u0131rsal\u0131ndaki El Damhiya k\u00f6y\u00fcnden ge\u00e7meye \u00e7al\u0131\u015fan i\u015fgalci Amerikan kuvvetlerine ait askeri ara\u00e7 konvoyunun yolunu keserek geri \u00e7ekilmeye zorlad\u0131. Kam\u0131\u015fl\u0131 k\u0131rsal\u0131ndan sivil kaynaklar SANA muhabirine verdi\u011fi deme\u00e7te, Haseke&#8217;nin kuzey k\u0131rsal\u0131ndaki el Damhiya k\u00f6y\u00fcnde Suriye Arap Ordusu askerlerinin, k\u00f6y\u00fc ge\u00e7meye \u00e7al\u0131\u015fan 6 askeri ara\u00e7tan olu\u015fan i\u015fgalci Amerikan kuvvetlerine ait &hellip;<\/p>\n","protected":false},"author":1,"featured_media":245117,"comment_status":"closed","ping_status":"closed","sticky":false,"template":"","format":"standard","meta":{"footnotes":""},"categories":[479,575,17988,478],"tags":[],"class_list":["post-245116","post","type-post","status-publish","format-standard","has-post-thumbnail","","category-haberler-yerel","category-olaylar-ve-gercekler","category-son-haberler","category-yerel"],"_links":{"self":[{"href":"https:\/\/archive.sana.sy\/tr\/index.php?rest_route=\/wp\/v2\/posts\/245116","targetHints":{"allow":["GET"]}}],"collection":[{"href":"https:\/\/archive.sana.sy\/tr\/index.php?rest_route=\/wp\/v2\/posts"}],"about":[{"href":"https:\/\/archive.sana.sy\/tr\/index.php?rest_route=\/wp\/v2\/types\/post"}],"author":[{"embeddable":true,"href":"https:\/\/archive.sana.sy\/tr\/index.php?rest_route=\/wp\/v2\/users\/1"}],"replies":[{"embeddable":true,"href":"https:\/\/archive.sana.sy\/tr\/index.php?rest_route=%2Fwp%2Fv2%2Fcomments&post=245116"}],"version-history":[{"count":0,"href":"https:\/\/archive.sana.sy\/tr\/index.php?rest_route=\/wp\/v2\/posts\/245116\/revisions"}],"wp:featuredmedia":[{"embeddable":true,"href":"https:\/\/archive.sana.sy\/tr\/index.php?rest_route=\/wp\/v2\/media\/245117"}],"wp:attachment":[{"href":"https:\/\/archive.sana.sy\/tr\/index.php?rest_route=%2Fwp%2Fv2%2Fmedia&parent=245116"}],"wp:term":[{"taxonomy":"category","embeddable":true,"href":"https:\/\/archive.sana.sy\/tr\/index.php?rest_route=%2Fwp%2Fv2%2Fcategories&post=245116"},{"taxonomy":"post_tag","embeddable":true,"href":"https:\/\/archive.sana.sy\/tr\/index.php?rest_route=%2Fwp%2Fv2%2Ftags&post=245116"}],"curies":[{"name":"wp","href":"https:\/\/api.w.org\/{rel}","templated":true}]}}