{"id":245119,"date":"2021-10-24T18:59:40","date_gmt":"2021-10-24T15:59:40","guid":{"rendered":"http:\/\/107.6.182.27\/tr\/?p=245119"},"modified":"2021-10-27T08:16:51","modified_gmt":"2021-10-27T05:16:51","slug":"deyrezzor-kirsalindaki-saldirida-dsg-milisleri-arasinda-yaralanmalar","status":"publish","type":"post","link":"https:\/\/archive.sana.sy\/tr\/?p=245119","title":{"rendered":"Deyrezzor K\u0131rsal\u0131ndaki Sald\u0131r\u0131da DSG Milisleri Aras\u0131nda Yaralanmalar"},"content":{"rendered":"<p style=\"text-align: justify;\">DEYREZZOR &#8211; Deyrezzor&#8217;un do\u011fu k\u0131rsal\u0131ndaki El Ki\u015fkiyye beldesinde milis karargahlar\u0131ndan birini hedef alan halk gruplar\u0131 taraf\u0131ndan d\u00fczenlenen sald\u0131r\u0131da i\u015fgalci Amerikan kuvvetleriyle ba\u011flant\u0131l\u0131 \u00e7ok say\u0131da DSG milisi yaraland\u0131.<\/p>\n<p style=\"text-align: justify;\">Yerel kaynaklar SANA&#8217;ya verdi\u011fi deme\u00e7te, El Ki\u015fkiyye beldesinde DSG milislerinin s\u00f6zde &#8220;El Ki\u015fkiyye Konseyi&#8221; karargah\u0131n\u0131 hedef alan bir el bombal\u0131 sald\u0131r\u0131da \u00e7ok say\u0131da milisin yaraland\u0131\u011f\u0131n\u0131 ve karargah\u0131n hasar g\u00f6rd\u00fc\u011f\u00fcn\u00fc s\u00f6yledi.<\/p>\n","protected":false},"excerpt":{"rendered":"<p>DEYREZZOR &#8211; Deyrezzor&#8217;un do\u011fu k\u0131rsal\u0131ndaki El Ki\u015fkiyye beldesinde milis karargahlar\u0131ndan birini hedef alan halk gruplar\u0131 taraf\u0131ndan d\u00fczenlenen sald\u0131r\u0131da i\u015fgalci Amerikan kuvvetleriyle ba\u011flant\u0131l\u0131 \u00e7ok say\u0131da DSG milisi yaraland\u0131. Yerel kaynaklar SANA&#8217;ya verdi\u011fi deme\u00e7te, El Ki\u015fkiyye beldesinde DSG milislerinin s\u00f6zde &#8220;El Ki\u015fkiyye Konseyi&#8221; karargah\u0131n\u0131 hedef alan bir el bombal\u0131 sald\u0131r\u0131da \u00e7ok say\u0131da milisin yaraland\u0131\u011f\u0131n\u0131 ve karargah\u0131n hasar &hellip;<\/p>\n","protected":false},"author":1,"featured_media":245120,"comment_status":"closed","ping_status":"closed","sticky":false,"template":"","format":"standard","meta":{"footnotes":""},"categories":[479,575,17988,478],"tags":[],"class_list":["post-245119","post","type-post","status-publish","format-standard","has-post-thumbnail","","category-haberler-yerel","category-olaylar-ve-gercekler","category-son-haberler","category-yerel"],"_links":{"self":[{"href":"https:\/\/archive.sana.sy\/tr\/index.php?rest_route=\/wp\/v2\/posts\/245119","targetHints":{"allow":["GET"]}}],"collection":[{"href":"https:\/\/archive.sana.sy\/tr\/index.php?rest_route=\/wp\/v2\/posts"}],"about":[{"href":"https:\/\/archive.sana.sy\/tr\/index.php?rest_route=\/wp\/v2\/types\/post"}],"author":[{"embeddable":true,"href":"https:\/\/archive.sana.sy\/tr\/index.php?rest_route=\/wp\/v2\/users\/1"}],"replies":[{"embeddable":true,"href":"https:\/\/archive.sana.sy\/tr\/index.php?rest_route=%2Fwp%2Fv2%2Fcomments&post=245119"}],"version-history":[{"count":0,"href":"https:\/\/archive.sana.sy\/tr\/index.php?rest_route=\/wp\/v2\/posts\/245119\/revisions"}],"wp:featuredmedia":[{"embeddable":true,"href":"https:\/\/archive.sana.sy\/tr\/index.php?rest_route=\/wp\/v2\/media\/245120"}],"wp:attachment":[{"href":"https:\/\/archive.sana.sy\/tr\/index.php?rest_route=%2Fwp%2Fv2%2Fmedia&parent=245119"}],"wp:term":[{"taxonomy":"category","embeddable":true,"href":"https:\/\/archive.sana.sy\/tr\/index.php?rest_route=%2Fwp%2Fv2%2Fcategories&post=245119"},{"taxonomy":"post_tag","embeddable":true,"href":"https:\/\/archive.sana.sy\/tr\/index.php?rest_route=%2Fwp%2Fv2%2Ftags&post=245119"}],"curies":[{"name":"wp","href":"https:\/\/api.w.org\/{rel}","templated":true}]}}