{"id":24512,"date":"2015-02-22T13:12:15","date_gmt":"2015-02-22T11:12:15","guid":{"rendered":"http:\/\/www.sana.sy\/tr\/?p=24512"},"modified":"2015-02-22T13:12:15","modified_gmt":"2015-02-22T11:12:15","slug":"iside-ait-israilli-ve-avrupali-silahlar-yakalandi","status":"publish","type":"post","link":"https:\/\/archive.sana.sy\/tr\/?p=24512","title":{"rendered":"I\u015e\u0130D\u2019e Ait \u0130srailli ve Avrupal\u0131 Silahlar Yakaland\u0131"},"content":{"rendered":"<p>BA\u011eDAT \u2013 Irak g\u00fcvenlik g\u00fc\u00e7leri a\u015firet militanlar\u0131yla i\u015fbirli\u011fi i\u00e7inde Remadi Kentinin do\u011fusunda I\u015e\u0130D mevkilerine kar\u015f\u0131 d\u00fczenledikleri operasyonlarda I\u015e\u0130D\u2019e ait olan \u0130srail ve Avrupa yap\u0131m\u0131 silah ve m\u00fchimmat ele ge\u00e7irdi.<\/p>\n<p>Irakl\u0131 resmi kaynaklar Albu Ganim B\u00f6lgesinde d\u00fczenlenen g\u00fcvenlik operasyonlar\u0131nda I\u015e\u0130D mevkilerinde \u0130srail yap\u0131m\u0131 keskin ni\u015fanc\u0131 silahlar\u0131 ve Avrupa yap\u0131m\u0131 geli\u015fmi\u015f silahlar ele ge\u00e7irildi\u011fini aktar\u0131rken, bu silahlar\u0131n uluslar aras\u0131 istihbarat cihazlar\u0131 taraf\u0131ndan aktar\u0131ld\u0131\u011f\u0131na dikkat \u00e7ekti.<\/p>\n<p>Bu arada ABD komutas\u0131nda I\u015e\u0130D\u2019e kar\u015f\u0131 te\u015fkil edilen uluslar aras\u0131 koalisyon u\u00e7aklar\u0131n\u0131n Suriye ve Irak\u2019ta I\u015e\u0130D ter\u00f6ristlerine silah, m\u00fchimmat ve g\u0131da paketleri att\u0131klar\u0131 konusunda bir dizi g\u00f6r\u00fcnt\u00fcl\u00fc ve belgeli kan\u0131t bulunmaktad\u0131r.<\/p>\n<p>A.A.<\/p>\n","protected":false},"excerpt":{"rendered":"<p>BA\u011eDAT \u2013 Irak g\u00fcvenlik g\u00fc\u00e7leri a\u015firet militanlar\u0131yla i\u015fbirli\u011fi i\u00e7inde Remadi Kentinin do\u011fusunda I\u015e\u0130D mevkilerine kar\u015f\u0131 d\u00fczenledikleri operasyonlarda I\u015e\u0130D\u2019e ait olan \u0130srail ve Avrupa yap\u0131m\u0131 silah ve m\u00fchimmat ele ge\u00e7irdi. Irakl\u0131 resmi kaynaklar Albu Ganim B\u00f6lgesinde d\u00fczenlenen g\u00fcvenlik operasyonlar\u0131nda I\u015e\u0130D mevkilerinde \u0130srail yap\u0131m\u0131 keskin ni\u015fanc\u0131 silahlar\u0131 ve Avrupa yap\u0131m\u0131 geli\u015fmi\u015f silahlar ele ge\u00e7irildi\u011fini aktar\u0131rken, bu silahlar\u0131n &hellip;<\/p>\n","protected":false},"author":1,"featured_media":24513,"comment_status":"closed","ping_status":"closed","sticky":false,"template":"","format":"standard","meta":{"footnotes":""},"categories":[458,459,447],"tags":[11712],"class_list":["post-24512","post","type-post","status-publish","format-standard","has-post-thumbnail","","category-dunya1","category-haberler-arap-uluslararasi-politika","category-politika","tag-iside-ait-israilli-ve-avrupali-silahlar-yakalandi-bagdat-irak-guvenlik-gucleri-asiret-militanlariyla-isbirligi-icinde-remadi-kentinin-dogusunda-isid-mevkilerine-karsi-duzenledikleri"],"_links":{"self":[{"href":"https:\/\/archive.sana.sy\/tr\/index.php?rest_route=\/wp\/v2\/posts\/24512","targetHints":{"allow":["GET"]}}],"collection":[{"href":"https:\/\/archive.sana.sy\/tr\/index.php?rest_route=\/wp\/v2\/posts"}],"about":[{"href":"https:\/\/archive.sana.sy\/tr\/index.php?rest_route=\/wp\/v2\/types\/post"}],"author":[{"embeddable":true,"href":"https:\/\/archive.sana.sy\/tr\/index.php?rest_route=\/wp\/v2\/users\/1"}],"replies":[{"embeddable":true,"href":"https:\/\/archive.sana.sy\/tr\/index.php?rest_route=%2Fwp%2Fv2%2Fcomments&post=24512"}],"version-history":[{"count":0,"href":"https:\/\/archive.sana.sy\/tr\/index.php?rest_route=\/wp\/v2\/posts\/24512\/revisions"}],"wp:featuredmedia":[{"embeddable":true,"href":"https:\/\/archive.sana.sy\/tr\/index.php?rest_route=\/wp\/v2\/media\/24513"}],"wp:attachment":[{"href":"https:\/\/archive.sana.sy\/tr\/index.php?rest_route=%2Fwp%2Fv2%2Fmedia&parent=24512"}],"wp:term":[{"taxonomy":"category","embeddable":true,"href":"https:\/\/archive.sana.sy\/tr\/index.php?rest_route=%2Fwp%2Fv2%2Fcategories&post=24512"},{"taxonomy":"post_tag","embeddable":true,"href":"https:\/\/archive.sana.sy\/tr\/index.php?rest_route=%2Fwp%2Fv2%2Ftags&post=24512"}],"curies":[{"name":"wp","href":"https:\/\/api.w.org\/{rel}","templated":true}]}}