{"id":245122,"date":"2021-10-24T19:20:27","date_gmt":"2021-10-24T16:20:27","guid":{"rendered":"http:\/\/107.6.182.27\/tr\/?p=245122"},"modified":"2021-10-27T08:17:52","modified_gmt":"2021-10-27T05:17:52","slug":"venezuella-buyukelcisine-1-sinif-liyakat-madalyasi-biomorgi-suriyenin-zaferi-tarihin-cehresini-degistiriyor","status":"publish","type":"post","link":"https:\/\/archive.sana.sy\/tr\/?p=245122","title":{"rendered":"Venez\u00fcella B\u00fcy\u00fckel\u00e7isine 1. S\u0131n\u0131f Liyakat Madalyas\u0131.. Biomorgi: Suriye&#8217;nin Zaferi Tarihin \u00c7ehresini De\u011fi\u015ftiriyor"},"content":{"rendered":"<p style=\"text-align: justify;\">\u015eAM &#8211; D\u0131\u015fi\u015fleri ve Gurbet\u00e7iler Bakanl\u0131\u011f\u0131 bug\u00fcn, Bolivarc\u0131 Venez\u00fcella Cumhuriyeti&#8217;nin \u015eam B\u00fcy\u00fckel\u00e7isi Jose Gregorio Biomorgi Muzattiz i\u00e7in, Suriye Arap Cumhuriyeti&#8217;ndeki g\u00f6revinin sona ermesi m\u00fcnasebetiyle bug\u00fcn \u015eam&#8217;daki Dama Rose Otelinde bir veda partisi d\u00fczenledi.<\/p>\n<p style=\"text-align: justify;\">T\u00f6rende, D\u0131\u015fi\u015fleri ve Gurbet\u00e7iler Bakan Yard\u0131mc\u0131s\u0131 Dr. Ayman Sosan, dost \u00fclkesine ve onurlu ki\u015fili\u011fine ve iki \u00fclke aras\u0131ndaki ili\u015fkileri g\u00fc\u00e7lendirmek i\u00e7in g\u00f6sterdi\u011fi \u00e7abalara te\u015fekk\u00fcr ederek B\u00fcy\u00fckel\u00e7i Biomorgi&#8217;ye Suriye M\u00fckemmel S\u0131n\u0131f Liyakat Ni\u015fan\u0131&#8217;n\u0131 takdim etti.<\/p>\n<p style=\"text-align: justify;\">Madalyay\u0131 ald\u0131ktan sonra B\u00fcy\u00fckel\u00e7i Biomorgi, kendisine bu madalyay\u0131 verdi\u011fi i\u00e7in Cumhurba\u015fkan\u0131 Be\u015f\u015far Esad&#8217;a te\u015fekk\u00fcrlerini ve memnuniyetini dile getirerek, bu madalyan\u0131n ikili ili\u015fkilerin g\u00fc\u00e7lendirilmesi ve Suriye&#8217;deki sava\u015f\u0131n ger\u00e7ekli\u011finin d\u00fcnyaya iletilmesi i\u00e7in \u00e7al\u0131\u015fmaya devam etmek i\u00e7in bir te\u015fvik olarak de\u011ferlendirdi, Suriye h\u00fck\u00fcmetine, halk\u0131na ve D\u0131\u015fi\u015fleri Bakanl\u0131\u011f\u0131 personeline, \u00fclkesinin B\u00fcy\u00fckel\u00e7ilik g\u00f6revinin tamamlanmas\u0131nda onunla i\u015fbirli\u011fi yapt\u0131klar\u0131 i\u00e7in te\u015fekk\u00fcrlerini dile getirdi.<\/p>\n<p style=\"text-align: justify;\">Biomorgi, Suriye&#8217;nin zaferinin ve halk\u0131n\u0131n ter\u00f6r sava\u015f\u0131 kar\u015f\u0131s\u0131ndaki kararl\u0131l\u0131\u011f\u0131n\u0131n tarihin \u00e7ehresini de\u011fi\u015ftirdi\u011fini, ve \u00e7ok g\u00fc\u00e7l\u00fc yeni bir d\u00fcnyan\u0131n olu\u015fumunun \u00f6n\u00fcn\u00fc a\u00e7t\u0131\u011f\u0131n\u0131 vurgulayarak, Venez\u00fcella&#8217;n\u0131n d\u00fcnyan\u0131n hegemonik g\u00fc\u00e7leri taraf\u0131ndan y\u00fcr\u00fct\u00fclen benzer bir sava\u015fla kar\u015f\u0131 kar\u015f\u0131ya oldu\u011funa dikkat \u00e7ekti.<\/p>\n<p style=\"text-align: justify;\">Gazetecilere verdi\u011fi deme\u00e7te Dr. Sosan, Venez\u00fcella ve Suriye aras\u0131ndaki dostlu\u011fun derinli\u011fini, iki \u00fclke halklar\u0131n\u0131n ayn\u0131 ac\u0131y\u0131 payla\u015ft\u0131\u011f\u0131n\u0131 ve s\u0131radan insanlar\u0131 g\u00fcnl\u00fck ya\u015famlar\u0131nda etkileyen ABD komplolar\u0131na ve tek tarafl\u0131 zorlay\u0131c\u0131 \u00f6nlemlere maruz kald\u0131klar\u0131n\u0131 vurgulayarak, merhum lider Hugo Chavez&#8217;in devrimci miras\u0131na sahip Venez\u00fcella&#8217;n\u0131n, ayn\u0131 Suriye&#8217;nin kazand\u0131\u011f\u0131 gibi komploya kar\u015f\u0131 kazanaca\u011f\u0131na olan g\u00fcvenini dile getirdi.<\/p>\n<p style=\"text-align: justify;\">T\u00f6rene \u015eam&#8217;da mutemet olan \u00e7ok say\u0131da b\u00fcy\u00fckel\u00e7i ile D\u0131\u015fi\u015fleri ve Gurbet\u00e7iler Bakanl\u0131\u011f\u0131&#8217;na ba\u011fl\u0131 daire m\u00fcd\u00fcrleri kat\u0131ld\u0131.<\/p>\n","protected":false},"excerpt":{"rendered":"<p>\u015eAM &#8211; D\u0131\u015fi\u015fleri ve Gurbet\u00e7iler Bakanl\u0131\u011f\u0131 bug\u00fcn, Bolivarc\u0131 Venez\u00fcella Cumhuriyeti&#8217;nin \u015eam B\u00fcy\u00fckel\u00e7isi Jose Gregorio Biomorgi Muzattiz i\u00e7in, Suriye Arap Cumhuriyeti&#8217;ndeki g\u00f6revinin sona ermesi m\u00fcnasebetiyle bug\u00fcn \u015eam&#8217;daki Dama Rose Otelinde bir veda partisi d\u00fczenledi. T\u00f6rende, D\u0131\u015fi\u015fleri ve Gurbet\u00e7iler Bakan Yard\u0131mc\u0131s\u0131 Dr. Ayman Sosan, dost \u00fclkesine ve onurlu ki\u015fili\u011fine ve iki \u00fclke aras\u0131ndaki ili\u015fkileri g\u00fc\u00e7lendirmek i\u00e7in g\u00f6sterdi\u011fi &hellip;<\/p>\n","protected":false},"author":1,"featured_media":245123,"comment_status":"closed","ping_status":"closed","sticky":false,"template":"","format":"standard","meta":{"footnotes":""},"categories":[458,459,17988],"tags":[],"class_list":["post-245122","post","type-post","status-publish","format-standard","has-post-thumbnail","","category-dunya1","category-haberler-arap-uluslararasi-politika","category-son-haberler"],"_links":{"self":[{"href":"https:\/\/archive.sana.sy\/tr\/index.php?rest_route=\/wp\/v2\/posts\/245122","targetHints":{"allow":["GET"]}}],"collection":[{"href":"https:\/\/archive.sana.sy\/tr\/index.php?rest_route=\/wp\/v2\/posts"}],"about":[{"href":"https:\/\/archive.sana.sy\/tr\/index.php?rest_route=\/wp\/v2\/types\/post"}],"author":[{"embeddable":true,"href":"https:\/\/archive.sana.sy\/tr\/index.php?rest_route=\/wp\/v2\/users\/1"}],"replies":[{"embeddable":true,"href":"https:\/\/archive.sana.sy\/tr\/index.php?rest_route=%2Fwp%2Fv2%2Fcomments&post=245122"}],"version-history":[{"count":0,"href":"https:\/\/archive.sana.sy\/tr\/index.php?rest_route=\/wp\/v2\/posts\/245122\/revisions"}],"wp:featuredmedia":[{"embeddable":true,"href":"https:\/\/archive.sana.sy\/tr\/index.php?rest_route=\/wp\/v2\/media\/245123"}],"wp:attachment":[{"href":"https:\/\/archive.sana.sy\/tr\/index.php?rest_route=%2Fwp%2Fv2%2Fmedia&parent=245122"}],"wp:term":[{"taxonomy":"category","embeddable":true,"href":"https:\/\/archive.sana.sy\/tr\/index.php?rest_route=%2Fwp%2Fv2%2Fcategories&post=245122"},{"taxonomy":"post_tag","embeddable":true,"href":"https:\/\/archive.sana.sy\/tr\/index.php?rest_route=%2Fwp%2Fv2%2Ftags&post=245122"}],"curies":[{"name":"wp","href":"https:\/\/api.w.org\/{rel}","templated":true}]}}