{"id":245125,"date":"2021-10-24T19:24:04","date_gmt":"2021-10-24T16:24:04","guid":{"rendered":"http:\/\/107.6.182.27\/tr\/?p=245125"},"modified":"2021-10-27T08:18:11","modified_gmt":"2021-10-27T05:18:11","slug":"bae-arap-yuzme-sampiyonasinda-suriyeye-altin-madalya","status":"publish","type":"post","link":"https:\/\/archive.sana.sy\/tr\/?p=245125","title":{"rendered":"BAE Arap Y\u00fczme \u015eampiyonas\u0131&#8217;nda Suriye&#8217;ye Alt\u0131n Madalya"},"content":{"rendered":"<p style=\"text-align: justify;\">ABU DAB\u0130 &#8211; Suriyeli y\u00fcz\u00fcc\u00fc \u0130nana S\u00fcleyman, Pazar g\u00fcn\u00fc BAE&#8217;nin Abu Dabi kentinde, 16 Arap \u00fclkesinden 174 erkek ve kad\u0131n y\u00fcz\u00fcc\u00fcn\u00fcn kat\u0131l\u0131m\u0131yla ba\u015flayan Arap Y\u00fczme \u015eampiyonas\u0131&#8217;nda, 1500 m serbest y\u00fczme dal\u0131nda alt\u0131n madalya kazand\u0131.<\/p>\n<p style=\"text-align: justify;\">S\u00fcleyman, yar\u0131\u015ftaki t\u00fcm kat\u0131l\u0131mc\u0131lar\u0131 gerisinde b\u0131rakarak 17.53&#8217;l\u00fck derecesiyle rekor k\u0131rd\u0131 ve s\u00f6z konusu \u015fampiyonada Suriye ad\u0131na ilk madalyay\u0131 almay\u0131 ba\u015fard\u0131.<\/p>\n","protected":false},"excerpt":{"rendered":"<p>ABU DAB\u0130 &#8211; Suriyeli y\u00fcz\u00fcc\u00fc \u0130nana S\u00fcleyman, Pazar g\u00fcn\u00fc BAE&#8217;nin Abu Dabi kentinde, 16 Arap \u00fclkesinden 174 erkek ve kad\u0131n y\u00fcz\u00fcc\u00fcn\u00fcn kat\u0131l\u0131m\u0131yla ba\u015flayan Arap Y\u00fczme \u015eampiyonas\u0131&#8217;nda, 1500 m serbest y\u00fczme dal\u0131nda alt\u0131n madalya kazand\u0131. S\u00fcleyman, yar\u0131\u015ftaki t\u00fcm kat\u0131l\u0131mc\u0131lar\u0131 gerisinde b\u0131rakarak 17.53&#8217;l\u00fck derecesiyle rekor k\u0131rd\u0131 ve s\u00f6z konusu \u015fampiyonada Suriye ad\u0131na ilk madalyay\u0131 almay\u0131 ba\u015fard\u0131.<\/p>\n","protected":false},"author":1,"featured_media":245126,"comment_status":"closed","ping_status":"closed","sticky":false,"template":"","format":"standard","meta":{"footnotes":""},"categories":[458,498,459,17988,496],"tags":[],"class_list":["post-245125","post","type-post","status-publish","format-standard","has-post-thumbnail","","category-dunya1","category-dunya-turnuvalari","category-haberler-arap-uluslararasi-politika","category-son-haberler","category-spor"],"_links":{"self":[{"href":"https:\/\/archive.sana.sy\/tr\/index.php?rest_route=\/wp\/v2\/posts\/245125","targetHints":{"allow":["GET"]}}],"collection":[{"href":"https:\/\/archive.sana.sy\/tr\/index.php?rest_route=\/wp\/v2\/posts"}],"about":[{"href":"https:\/\/archive.sana.sy\/tr\/index.php?rest_route=\/wp\/v2\/types\/post"}],"author":[{"embeddable":true,"href":"https:\/\/archive.sana.sy\/tr\/index.php?rest_route=\/wp\/v2\/users\/1"}],"replies":[{"embeddable":true,"href":"https:\/\/archive.sana.sy\/tr\/index.php?rest_route=%2Fwp%2Fv2%2Fcomments&post=245125"}],"version-history":[{"count":0,"href":"https:\/\/archive.sana.sy\/tr\/index.php?rest_route=\/wp\/v2\/posts\/245125\/revisions"}],"wp:featuredmedia":[{"embeddable":true,"href":"https:\/\/archive.sana.sy\/tr\/index.php?rest_route=\/wp\/v2\/media\/245126"}],"wp:attachment":[{"href":"https:\/\/archive.sana.sy\/tr\/index.php?rest_route=%2Fwp%2Fv2%2Fmedia&parent=245125"}],"wp:term":[{"taxonomy":"category","embeddable":true,"href":"https:\/\/archive.sana.sy\/tr\/index.php?rest_route=%2Fwp%2Fv2%2Fcategories&post=245125"},{"taxonomy":"post_tag","embeddable":true,"href":"https:\/\/archive.sana.sy\/tr\/index.php?rest_route=%2Fwp%2Fv2%2Ftags&post=245125"}],"curies":[{"name":"wp","href":"https:\/\/api.w.org\/{rel}","templated":true}]}}