{"id":24515,"date":"2015-02-22T13:20:01","date_gmt":"2015-02-22T11:20:01","guid":{"rendered":"http:\/\/www.sana.sy\/tr\/?p=24515"},"modified":"2015-02-22T13:20:56","modified_gmt":"2015-02-22T11:20:56","slug":"disisleri-ve-gurbetciler-bakanliginda-yetkili-bir-kaynak-turkiyedeki-rejimin-isid-nusra-cephesi-ve-onun-edati-olan-daha-baska-teror-cetelere-destekle-yetinmeyerek-bugun-erken-saatlerde-suriye-topr","status":"publish","type":"post","link":"https:\/\/archive.sana.sy\/tr\/?p=24515","title":{"rendered":"D\u0131\u015fi\u015fleri ve Gurbet\u00e7iler Bakanl\u0131\u011f\u0131nda yetkili bir kaynak; T\u00fcrkiye&#8217;deki rejimin; Kaide \u00d6rg\u00fct\u00fcn\u00fcn kollar\u0131 olan I\u015e\u0130D, Nusra Cephesi ve onun edatlar\u0131\u0131 olan daha ba\u015fka ter\u00f6r \u00e7etelere verdi\u011fi destekle yetinmeyerek bug\u00fcn erken saatlerde Suriye topraklar\u0131na \u00e7irkef bir sald\u0131r\u0131da bulundu\u011funu belirtti."},"content":{"rendered":"<p>D\u0131\u015fi\u015fleri ve Gurbet\u00e7iler Bakanl\u0131\u011f\u0131nda yetkili bir kaynak; T\u00fcrkiye&#8217;deki rejimin; Kaide \u00d6rg\u00fct\u00fcn\u00fcn kollar\u0131 olan I\u015e\u0130D, Nusra Cephesi ve onun edatlar\u0131\u0131 olan daha ba\u015fka ter\u00f6r \u00e7etelere verdi\u011fi destekle yetinmeyerek bug\u00fcn erken saatlerde Suriye topraklar\u0131na \u00e7irkef bir sald\u0131r\u0131da bulundu\u011funu belirtti.<\/p>\n","protected":false},"excerpt":{"rendered":"<p>D\u0131\u015fi\u015fleri ve Gurbet\u00e7iler Bakanl\u0131\u011f\u0131nda yetkili bir kaynak; T\u00fcrkiye&#8217;deki rejimin; Kaide \u00d6rg\u00fct\u00fcn\u00fcn kollar\u0131 olan I\u015e\u0130D, Nusra Cephesi ve onun edatlar\u0131\u0131 olan daha ba\u015fka ter\u00f6r \u00e7etelere verdi\u011fi destekle yetinmeyerek bug\u00fcn erken saatlerde Suriye topraklar\u0131na \u00e7irkef bir sald\u0131r\u0131da bulundu\u011funu belirtti.<\/p>\n","protected":false},"author":1,"featured_media":0,"comment_status":"closed","ping_status":"closed","sticky":false,"template":"","format":"standard","meta":{"footnotes":""},"categories":[1],"tags":[11715,11716],"class_list":["post-24515","post","type-post","status-publish","format-standard","","category-news-not-sorted","tag-disisleri-ve-gurbetciler-bakanliginda-yetkili-bir-kaynak-turkiyedeki-rejimin-kaide-orgutunun-kollari-olan-isid","tag-nusra-cephesi-ve-onun-edatlarii-olan-daha-baska-teror-cetelere-verdigi-destekle-yetinmeyerek-bugun-erken-saatlerde-suriye-topraklarina-cirkef-bir-saldirida-bulundugunu-belirtti"],"_links":{"self":[{"href":"https:\/\/archive.sana.sy\/tr\/index.php?rest_route=\/wp\/v2\/posts\/24515","targetHints":{"allow":["GET"]}}],"collection":[{"href":"https:\/\/archive.sana.sy\/tr\/index.php?rest_route=\/wp\/v2\/posts"}],"about":[{"href":"https:\/\/archive.sana.sy\/tr\/index.php?rest_route=\/wp\/v2\/types\/post"}],"author":[{"embeddable":true,"href":"https:\/\/archive.sana.sy\/tr\/index.php?rest_route=\/wp\/v2\/users\/1"}],"replies":[{"embeddable":true,"href":"https:\/\/archive.sana.sy\/tr\/index.php?rest_route=%2Fwp%2Fv2%2Fcomments&post=24515"}],"version-history":[{"count":0,"href":"https:\/\/archive.sana.sy\/tr\/index.php?rest_route=\/wp\/v2\/posts\/24515\/revisions"}],"wp:attachment":[{"href":"https:\/\/archive.sana.sy\/tr\/index.php?rest_route=%2Fwp%2Fv2%2Fmedia&parent=24515"}],"wp:term":[{"taxonomy":"category","embeddable":true,"href":"https:\/\/archive.sana.sy\/tr\/index.php?rest_route=%2Fwp%2Fv2%2Fcategories&post=24515"},{"taxonomy":"post_tag","embeddable":true,"href":"https:\/\/archive.sana.sy\/tr\/index.php?rest_route=%2Fwp%2Fv2%2Ftags&post=24515"}],"curies":[{"name":"wp","href":"https:\/\/api.w.org\/{rel}","templated":true}]}}