{"id":245151,"date":"2021-10-25T22:20:55","date_gmt":"2021-10-25T19:20:55","guid":{"rendered":"http:\/\/107.6.182.27\/tr\/?p=245151"},"modified":"2021-10-27T08:20:06","modified_gmt":"2021-10-27T05:20:06","slug":"isgalci-turkiyeye-karsi-kfar-naya-halkindan-protesto-gosterisi","status":"publish","type":"post","link":"https:\/\/archive.sana.sy\/tr\/?p=245151","title":{"rendered":"\u0130\u015fgalci T\u00fcrkiye&#8217;ye Kar\u015f\u0131 Kfar Naya Halk\u0131ndan Protesto G\u00f6sterisi"},"content":{"rendered":"<p style=\"text-align: justify;\">HALEP &#8211; Kfar Naya halk\u0131, bug\u00fcn Halep&#8217;in kuzey k\u0131rsal\u0131ndaki protesto g\u00f6sterilerinde, i\u015fgalci T\u00fcrkiye ve ter\u00f6r \u00f6rg\u00fctlerinden paral\u0131 kiral\u0131klar\u0131n\u0131 kesinlikle reddettiklerini belirterek, Suriye vatanda\u015flar\u0131na kar\u015f\u0131 i\u015fledi\u011fi vah\u015fi su\u00e7lar\u0131 k\u0131nad\u0131.<\/p>\n<p style=\"text-align: justify;\">Yap\u0131lan konu\u015fmalarda kat\u0131l\u0131mc\u0131lar, Suriye topraklar\u0131n\u0131n birli\u011fine ba\u011fl\u0131l\u0131klar\u0131n\u0131, Suriye&#8217;yi b\u00f6lmeye ve par\u00e7alamaya y\u00f6nelik sald\u0131rgan planlar\u0131 reddettiklerini beyan ettiler.<\/p>\n<p style=\"text-align: justify;\">Kat\u0131l\u0131mc\u0131lar, Suriye Arap Ordusuna olan g\u00fcvenlerini ve anavatan\u0131n i\u015fgal alt\u0131ndaki her kar\u0131\u015f\u0131n\u0131 kurtarmak i\u00e7in y\u00fcr\u00fctt\u00fc\u011f\u00fc sava\u015flara olan uyumlar\u0131n\u0131 ve desteklerini de ifade ettiler.<\/p>\n<p style=\"text-align: justify;\">SANA&#8217;n\u0131n kameras\u0131, T\u00fcrk rejiminin Suriye&#8217;deki emellerini k\u0131nayan ulusal bayraklar ve pankartlar a\u00e7an \u00e7ok say\u0131da ki\u015finin g\u00f6r\u00fc\u015flerini izledi.<\/p>\n<p style=\"text-align: justify;\">Muhammed Ahmed, bug\u00fcn halk\u0131n bir araya gelmesinin, co\u011frafi, sosyal ve politik olarak birle\u015fmi\u015f ve tek bir ulusal dokuya sahip olacak Suriye&#8217;deki sald\u0131rganl\u0131\u011fa ve T\u00fcrk-Erdo\u011fan m\u00fcdahalesine hay\u0131r demek i\u00e7in gelen yer oldu\u011funu vurgulad\u0131.<\/p>\n<p style=\"text-align: justify;\">\u00d6te yandan Hasan Hasan, &#8220;Bug\u00fcn T\u00fcrk i\u015fgalini ve onun ter\u00f6r \u00f6rg\u00fctlerinden ara\u00e7lar\u0131n\u0131 reddetti\u011fimizi belirtmek ve vatan topra\u011f\u0131na can\u0131m\u0131z\u0131 feda etmek i\u00e7in geldik&#8221; dedi.<\/p>\n<p style=\"text-align: justify;\">Abdullah el Atra\u015f, bug\u00fcn Kfar Naya halk\u0131 ve kom\u015fu k\u00f6ylerin Osmanl\u0131c\u0131 i\u015fgalciye \u201cHay\u0131r\u201d diyerek seslerini y\u00fckseltmek ve Erdo\u011fan rejimine insanlar\u0131 \u00f6ld\u00fcrmeyi, yerinden etmeyi ve mallar\u0131n\u0131 \u00e7almay\u0131 b\u0131rakmas\u0131n\u0131 s\u00f6ylemek i\u00e7in topland\u0131\u011f\u0131n\u0131 a\u00e7\u0131klad\u0131.<\/p>\n<p style=\"text-align: justify;\">Zeynep Al Hacci, &#8220;Bug\u00fcn Suriye halk\u0131 ad\u0131na T\u00fcrkiye&#8217;nin Suriye&#8217;deki g\u00fcvenli k\u00f6y ve kasabalara y\u00f6nelik tehditlerini k\u0131namak i\u00e7in Kfar Naya halk\u0131n\u0131n yan\u0131nda duruyor, vatan ve \u00fclke halk\u0131n\u0131 savunmas\u0131yla Suriye Arap Ordusunun varl\u0131\u011f\u0131yla kendini g\u00fcvende ve huzurlu hissediyor&#8221; dedi.<\/p>\n","protected":false},"excerpt":{"rendered":"<p>HALEP &#8211; Kfar Naya halk\u0131, bug\u00fcn Halep&#8217;in kuzey k\u0131rsal\u0131ndaki protesto g\u00f6sterilerinde, i\u015fgalci T\u00fcrkiye ve ter\u00f6r \u00f6rg\u00fctlerinden paral\u0131 kiral\u0131klar\u0131n\u0131 kesinlikle reddettiklerini belirterek, Suriye vatanda\u015flar\u0131na kar\u015f\u0131 i\u015fledi\u011fi vah\u015fi su\u00e7lar\u0131 k\u0131nad\u0131. Yap\u0131lan konu\u015fmalarda kat\u0131l\u0131mc\u0131lar, Suriye topraklar\u0131n\u0131n birli\u011fine ba\u011fl\u0131l\u0131klar\u0131n\u0131, Suriye&#8217;yi b\u00f6lmeye ve par\u00e7alamaya y\u00f6nelik sald\u0131rgan planlar\u0131 reddettiklerini beyan ettiler. Kat\u0131l\u0131mc\u0131lar, Suriye Arap Ordusuna olan g\u00fcvenlerini ve anavatan\u0131n i\u015fgal alt\u0131ndaki &hellip;<\/p>\n","protected":false},"author":1,"featured_media":245152,"comment_status":"closed","ping_status":"closed","sticky":false,"template":"","format":"standard","meta":{"footnotes":""},"categories":[479,17988,2555,478],"tags":[],"class_list":["post-245151","post","type-post","status-publish","format-standard","has-post-thumbnail","","category-haberler-yerel","category-son-haberler","category-suriye-ve-turkiye","category-yerel"],"_links":{"self":[{"href":"https:\/\/archive.sana.sy\/tr\/index.php?rest_route=\/wp\/v2\/posts\/245151","targetHints":{"allow":["GET"]}}],"collection":[{"href":"https:\/\/archive.sana.sy\/tr\/index.php?rest_route=\/wp\/v2\/posts"}],"about":[{"href":"https:\/\/archive.sana.sy\/tr\/index.php?rest_route=\/wp\/v2\/types\/post"}],"author":[{"embeddable":true,"href":"https:\/\/archive.sana.sy\/tr\/index.php?rest_route=\/wp\/v2\/users\/1"}],"replies":[{"embeddable":true,"href":"https:\/\/archive.sana.sy\/tr\/index.php?rest_route=%2Fwp%2Fv2%2Fcomments&post=245151"}],"version-history":[{"count":0,"href":"https:\/\/archive.sana.sy\/tr\/index.php?rest_route=\/wp\/v2\/posts\/245151\/revisions"}],"wp:featuredmedia":[{"embeddable":true,"href":"https:\/\/archive.sana.sy\/tr\/index.php?rest_route=\/wp\/v2\/media\/245152"}],"wp:attachment":[{"href":"https:\/\/archive.sana.sy\/tr\/index.php?rest_route=%2Fwp%2Fv2%2Fmedia&parent=245151"}],"wp:term":[{"taxonomy":"category","embeddable":true,"href":"https:\/\/archive.sana.sy\/tr\/index.php?rest_route=%2Fwp%2Fv2%2Fcategories&post=245151"},{"taxonomy":"post_tag","embeddable":true,"href":"https:\/\/archive.sana.sy\/tr\/index.php?rest_route=%2Fwp%2Fv2%2Ftags&post=245151"}],"curies":[{"name":"wp","href":"https:\/\/api.w.org\/{rel}","templated":true}]}}