{"id":245157,"date":"2021-10-25T22:46:53","date_gmt":"2021-10-25T19:46:53","guid":{"rendered":"http:\/\/107.6.182.27\/tr\/?p=245157"},"modified":"2021-10-27T08:20:21","modified_gmt":"2021-10-27T05:20:21","slug":"suriye-olimpik-futbol-takimi-sri-lankayi-5-0-maglup-etti","status":"publish","type":"post","link":"https:\/\/archive.sana.sy\/tr\/?p=245157","title":{"rendered":"Suriye Olimpik Futbol Tak\u0131m\u0131 Sri Lanka&#8217;y\u0131 5-0 Ma\u011flup Etti"},"content":{"rendered":"<p style=\"text-align: justify;\">DOHA &#8211; Suriye Olimpik futbol tak\u0131m\u0131, bug\u00fcn Asya Kupas\u0131 Finalleri eleme turuna Katar ve Yemen&#8217;in de yer ald\u0131\u011f\u0131 ilk grupta Katar&#8217;\u0131n ba\u015fkenti Doha&#8217;da bir araya geldi\u011fi ma\u00e7ta Sri Lanka&#8217;y\u0131 5-0 ma\u011flup etti.<\/p>\n<p style=\"text-align: justify;\">\u0130lk dakikada Muhammed Malta ile tak\u0131m\u0131m\u0131z 1-0 \u00f6ne ge\u00e7erken, ikinci gol 25. dakikada Ali Ba\u015fmani&#8217;den geldi. \u00dc\u00e7\u00fcnc\u00fc gol\u00fc 42. dakikada Muhammed Al Hallak, 68. dakikada ise Sri Lankal\u0131 oyuncu kendi kalesine, Ali Ba\u015fmani de 85. dakikada be\u015finci gol\u00fc kaydetti.<\/p>\n<p style=\"text-align: justify;\">Ekibimiz, Per\u015fembe g\u00fcn\u00fc Yemen, Pazar g\u00fcn\u00fc de Katarla kar\u015f\u0131 kar\u015f\u0131ya gelecek.<\/p>\n","protected":false},"excerpt":{"rendered":"<p>DOHA &#8211; Suriye Olimpik futbol tak\u0131m\u0131, bug\u00fcn Asya Kupas\u0131 Finalleri eleme turuna Katar ve Yemen&#8217;in de yer ald\u0131\u011f\u0131 ilk grupta Katar&#8217;\u0131n ba\u015fkenti Doha&#8217;da bir araya geldi\u011fi ma\u00e7ta Sri Lanka&#8217;y\u0131 5-0 ma\u011flup etti. \u0130lk dakikada Muhammed Malta ile tak\u0131m\u0131m\u0131z 1-0 \u00f6ne ge\u00e7erken, ikinci gol 25. dakikada Ali Ba\u015fmani&#8217;den geldi. \u00dc\u00e7\u00fcnc\u00fc gol\u00fc 42. dakikada Muhammed Al Hallak, &hellip;<\/p>\n","protected":false},"author":1,"featured_media":245158,"comment_status":"closed","ping_status":"closed","sticky":false,"template":"","format":"standard","meta":{"footnotes":""},"categories":[458,498,459,17988,496],"tags":[],"class_list":["post-245157","post","type-post","status-publish","format-standard","has-post-thumbnail","","category-dunya1","category-dunya-turnuvalari","category-haberler-arap-uluslararasi-politika","category-son-haberler","category-spor"],"_links":{"self":[{"href":"https:\/\/archive.sana.sy\/tr\/index.php?rest_route=\/wp\/v2\/posts\/245157","targetHints":{"allow":["GET"]}}],"collection":[{"href":"https:\/\/archive.sana.sy\/tr\/index.php?rest_route=\/wp\/v2\/posts"}],"about":[{"href":"https:\/\/archive.sana.sy\/tr\/index.php?rest_route=\/wp\/v2\/types\/post"}],"author":[{"embeddable":true,"href":"https:\/\/archive.sana.sy\/tr\/index.php?rest_route=\/wp\/v2\/users\/1"}],"replies":[{"embeddable":true,"href":"https:\/\/archive.sana.sy\/tr\/index.php?rest_route=%2Fwp%2Fv2%2Fcomments&post=245157"}],"version-history":[{"count":0,"href":"https:\/\/archive.sana.sy\/tr\/index.php?rest_route=\/wp\/v2\/posts\/245157\/revisions"}],"wp:featuredmedia":[{"embeddable":true,"href":"https:\/\/archive.sana.sy\/tr\/index.php?rest_route=\/wp\/v2\/media\/245158"}],"wp:attachment":[{"href":"https:\/\/archive.sana.sy\/tr\/index.php?rest_route=%2Fwp%2Fv2%2Fmedia&parent=245157"}],"wp:term":[{"taxonomy":"category","embeddable":true,"href":"https:\/\/archive.sana.sy\/tr\/index.php?rest_route=%2Fwp%2Fv2%2Fcategories&post=245157"},{"taxonomy":"post_tag","embeddable":true,"href":"https:\/\/archive.sana.sy\/tr\/index.php?rest_route=%2Fwp%2Fv2%2Ftags&post=245157"}],"curies":[{"name":"wp","href":"https:\/\/api.w.org\/{rel}","templated":true}]}}