{"id":245160,"date":"2021-10-26T14:35:15","date_gmt":"2021-10-26T11:35:15","guid":{"rendered":"http:\/\/107.6.182.27\/tr\/?p=245160"},"modified":"2021-10-27T08:20:34","modified_gmt":"2021-10-27T05:20:34","slug":"iki-ulke-arasindaki-iliskileri-gelistirmek-ve-pekistirmede-suriye-ermenistan-gorusmeleri","status":"publish","type":"post","link":"https:\/\/archive.sana.sy\/tr\/?p=245160","title":{"rendered":"\u0130ki \u00dclke Aras\u0131ndaki \u0130li\u015fkileri Geli\u015ftirmek Ve Peki\u015ftirmede Suriye-Ermenistan G\u00f6r\u00fc\u015fmeleri"},"content":{"rendered":"<p style=\"text-align: justify;\">ER\u0130VAN &#8211; Ermenistan Ekonomi Bakan\u0131 Vahan Keropian, Suriye&#8217;nin Ermenistan B\u00fcy\u00fckel\u00e7isi Muhammed Hac \u0130brahim ile iki \u00fclke ve halklar aras\u0131ndaki mevcut dostlu\u011fu geli\u015ftirmenin ve peki\u015ftirmenin yollar\u0131n\u0131 g\u00f6r\u00fc\u015ft\u00fc.<\/p>\n<p style=\"text-align: justify;\">D\u00fcnk\u00fc g\u00f6r\u00fc\u015fmede Keropian, \u00fclkesinin Suriye ile i\u015fbirli\u011fini geli\u015ftirme konusundaki isteklili\u011fini belirterek, &#8220;Ekonomik ili\u015fkilerin iki \u00fclke aras\u0131nda var olan y\u00fcksek siyasi ve insani ili\u015fkiler d\u00fczeyine y\u00fckseltilmesi gerekti\u011fini&#8221; s\u00f6yleyerek, bu konuda pratik ad\u0131mlar atmaya haz\u0131r oldu\u011funu dile getirdi.<\/p>\n<p style=\"text-align: justify;\">Toplant\u0131da, ortak h\u00fck\u00fcmet komitesinin bir sonraki toplant\u0131s\u0131nda imzalanacak olan taslak anla\u015fmalar ve protokoller ele al\u0131nd\u0131. S\u00f6z konusu komitede Ermeni taraf\u0131n\u0131n ba\u015fkan\u0131 olarak Keropian, komite toplant\u0131s\u0131nda her iki taraftan i\u015fadamlar\u0131 i\u00e7in bir forum d\u00fczenlemek istedi\u011fini dile getirdi ve iki \u00fclke aras\u0131nda do\u011frudan u\u00e7u\u015flar\u0131n ekonomik ili\u015fkilerin g\u00fc\u00e7lendirilmesi a\u00e7\u0131s\u0131ndan \u00f6nemini vurgulad\u0131.<\/p>\n<p style=\"text-align: justify;\">\u0130ki \u00fclkenin sanayicileri i\u00e7in sa\u011flanabilecek kolayl\u0131klar ve ayr\u0131cal\u0131klar ile ticaret ba\u011flant\u0131lar\u0131n\u0131 geli\u015ftirme ve ticaret hacmini art\u0131rma y\u00f6ntemlerini de ele al\u0131nd\u0131.<\/p>\n<p style=\"text-align: justify;\">Kendi y\u00f6n\u00fcnden B\u00fcy\u00fckel\u00e7i Hac \u0130brahim ise kriz d\u00f6neminde Ermenistan h\u00fck\u00fcmeti ve halk\u0131n\u0131n Suriye ve Suriye halk\u0131na kar\u015f\u0131 tutumundan dolay\u0131 takdir ve te\u015fekk\u00fcrlerini sunarak, Ermenistan ve Ermeni halk\u0131 i\u00e7in ilerleme ve refah diledi ve Suriye-Ermeni Ortak Komitesi&#8217;nin toplant\u0131 d\u00fczenlemesinin \u00f6nemine dikkat \u00e7ekti.<\/p>\n","protected":false},"excerpt":{"rendered":"<p>ER\u0130VAN &#8211; Ermenistan Ekonomi Bakan\u0131 Vahan Keropian, Suriye&#8217;nin Ermenistan B\u00fcy\u00fckel\u00e7isi Muhammed Hac \u0130brahim ile iki \u00fclke ve halklar aras\u0131ndaki mevcut dostlu\u011fu geli\u015ftirmenin ve peki\u015ftirmenin yollar\u0131n\u0131 g\u00f6r\u00fc\u015ft\u00fc. D\u00fcnk\u00fc g\u00f6r\u00fc\u015fmede Keropian, \u00fclkesinin Suriye ile i\u015fbirli\u011fini geli\u015ftirme konusundaki isteklili\u011fini belirterek, &#8220;Ekonomik ili\u015fkilerin iki \u00fclke aras\u0131nda var olan y\u00fcksek siyasi ve insani ili\u015fkiler d\u00fczeyine y\u00fckseltilmesi gerekti\u011fini&#8221; s\u00f6yleyerek, bu konuda &hellip;<\/p>\n","protected":false},"author":1,"featured_media":245161,"comment_status":"closed","ping_status":"closed","sticky":false,"template":"","format":"standard","meta":{"footnotes":""},"categories":[458,459,17988],"tags":[],"class_list":["post-245160","post","type-post","status-publish","format-standard","has-post-thumbnail","","category-dunya1","category-haberler-arap-uluslararasi-politika","category-son-haberler"],"_links":{"self":[{"href":"https:\/\/archive.sana.sy\/tr\/index.php?rest_route=\/wp\/v2\/posts\/245160","targetHints":{"allow":["GET"]}}],"collection":[{"href":"https:\/\/archive.sana.sy\/tr\/index.php?rest_route=\/wp\/v2\/posts"}],"about":[{"href":"https:\/\/archive.sana.sy\/tr\/index.php?rest_route=\/wp\/v2\/types\/post"}],"author":[{"embeddable":true,"href":"https:\/\/archive.sana.sy\/tr\/index.php?rest_route=\/wp\/v2\/users\/1"}],"replies":[{"embeddable":true,"href":"https:\/\/archive.sana.sy\/tr\/index.php?rest_route=%2Fwp%2Fv2%2Fcomments&post=245160"}],"version-history":[{"count":0,"href":"https:\/\/archive.sana.sy\/tr\/index.php?rest_route=\/wp\/v2\/posts\/245160\/revisions"}],"wp:featuredmedia":[{"embeddable":true,"href":"https:\/\/archive.sana.sy\/tr\/index.php?rest_route=\/wp\/v2\/media\/245161"}],"wp:attachment":[{"href":"https:\/\/archive.sana.sy\/tr\/index.php?rest_route=%2Fwp%2Fv2%2Fmedia&parent=245160"}],"wp:term":[{"taxonomy":"category","embeddable":true,"href":"https:\/\/archive.sana.sy\/tr\/index.php?rest_route=%2Fwp%2Fv2%2Fcategories&post=245160"},{"taxonomy":"post_tag","embeddable":true,"href":"https:\/\/archive.sana.sy\/tr\/index.php?rest_route=%2Fwp%2Fv2%2Ftags&post=245160"}],"curies":[{"name":"wp","href":"https:\/\/api.w.org\/{rel}","templated":true}]}}