{"id":245163,"date":"2021-10-26T14:37:03","date_gmt":"2021-10-26T11:37:03","guid":{"rendered":"http:\/\/107.6.182.27\/tr\/?p=245163"},"modified":"2021-10-27T08:20:43","modified_gmt":"2021-10-27T05:20:43","slug":"isgalci-turkiye-ve-kiraliklari-haseke-kirsali-tel-temr-cevresine-saldirilarini-yogunlastiriyor","status":"publish","type":"post","link":"https:\/\/archive.sana.sy\/tr\/?p=245163","title":{"rendered":"\u0130\u015fgalci T\u00fcrkiye Ve Kiral\u0131klar\u0131 Haseke K\u0131rsal\u0131 Tel Temr \u00c7evresine Sald\u0131r\u0131lar\u0131n\u0131 Yo\u011funla\u015ft\u0131r\u0131yor"},"content":{"rendered":"<p style=\"text-align: justify;\">HASEKE &#8211; \u0130\u015fgalci T\u00fcrkiye ve ter\u00f6rist gruplardan kiral\u0131klar\u0131 bu sabah, Haseke&#8217;nin kuzeybat\u0131 k\u0131rsal\u0131ndaki Tel Tamr yak\u0131nlar\u0131ndaki g\u00fcvenli k\u00f6y ve kasabalara y\u00f6nelik sald\u0131r\u0131lar\u0131n\u0131 yo\u011fun bir \u015fekilde yenilerken birka\u00e7 evin y\u0131k\u0131lmas\u0131na neden oldu.<\/p>\n<p style=\"text-align: justify;\">Yerel kaynaklar SANA muhabirine verdi\u011fi deme\u00e7te, &#8220;i\u015fgalci T\u00fcrk kuvvetleri ve ter\u00f6rist kiral\u0131klar\u0131n\u0131n bu sabah top mermileriyle sald\u0131r\u0131lar\u0131n\u0131 Al Dardara k\u00f6y\u00fcne ek olarak Tal \u015einan, Tal Keyfeci ve Tel Cuma&#8217;a k\u00f6ylerindeki sivil evlere y\u00f6nelik sald\u0131r\u0131lar\u0131n\u0131 yo\u011funla\u015ft\u0131rd\u0131klar\u0131n\u0131&#8221; s\u00f6yleyerek, b\u00f6lgede geriye kalan insanlar\u0131n yerlerinden edilmesi ortam\u0131nda, bu sald\u0131rlar\u0131n evlerde ciddi maddi hasarlara, baz\u0131lar\u0131n\u0131n da tamamen imha edilmesine neden oldu\u011funu&#8221; s\u00f6yledi.<\/p>\n","protected":false},"excerpt":{"rendered":"<p>HASEKE &#8211; \u0130\u015fgalci T\u00fcrkiye ve ter\u00f6rist gruplardan kiral\u0131klar\u0131 bu sabah, Haseke&#8217;nin kuzeybat\u0131 k\u0131rsal\u0131ndaki Tel Tamr yak\u0131nlar\u0131ndaki g\u00fcvenli k\u00f6y ve kasabalara y\u00f6nelik sald\u0131r\u0131lar\u0131n\u0131 yo\u011fun bir \u015fekilde yenilerken birka\u00e7 evin y\u0131k\u0131lmas\u0131na neden oldu. Yerel kaynaklar SANA muhabirine verdi\u011fi deme\u00e7te, &#8220;i\u015fgalci T\u00fcrk kuvvetleri ve ter\u00f6rist kiral\u0131klar\u0131n\u0131n bu sabah top mermileriyle sald\u0131r\u0131lar\u0131n\u0131 Al Dardara k\u00f6y\u00fcne ek olarak Tal \u015einan, &hellip;<\/p>\n","protected":false},"author":1,"featured_media":245164,"comment_status":"closed","ping_status":"closed","sticky":false,"template":"","format":"standard","meta":{"footnotes":""},"categories":[479,17988,2555,478],"tags":[],"class_list":["post-245163","post","type-post","status-publish","format-standard","has-post-thumbnail","","category-haberler-yerel","category-son-haberler","category-suriye-ve-turkiye","category-yerel"],"_links":{"self":[{"href":"https:\/\/archive.sana.sy\/tr\/index.php?rest_route=\/wp\/v2\/posts\/245163","targetHints":{"allow":["GET"]}}],"collection":[{"href":"https:\/\/archive.sana.sy\/tr\/index.php?rest_route=\/wp\/v2\/posts"}],"about":[{"href":"https:\/\/archive.sana.sy\/tr\/index.php?rest_route=\/wp\/v2\/types\/post"}],"author":[{"embeddable":true,"href":"https:\/\/archive.sana.sy\/tr\/index.php?rest_route=\/wp\/v2\/users\/1"}],"replies":[{"embeddable":true,"href":"https:\/\/archive.sana.sy\/tr\/index.php?rest_route=%2Fwp%2Fv2%2Fcomments&post=245163"}],"version-history":[{"count":0,"href":"https:\/\/archive.sana.sy\/tr\/index.php?rest_route=\/wp\/v2\/posts\/245163\/revisions"}],"wp:featuredmedia":[{"embeddable":true,"href":"https:\/\/archive.sana.sy\/tr\/index.php?rest_route=\/wp\/v2\/media\/245164"}],"wp:attachment":[{"href":"https:\/\/archive.sana.sy\/tr\/index.php?rest_route=%2Fwp%2Fv2%2Fmedia&parent=245163"}],"wp:term":[{"taxonomy":"category","embeddable":true,"href":"https:\/\/archive.sana.sy\/tr\/index.php?rest_route=%2Fwp%2Fv2%2Fcategories&post=245163"},{"taxonomy":"post_tag","embeddable":true,"href":"https:\/\/archive.sana.sy\/tr\/index.php?rest_route=%2Fwp%2Fv2%2Ftags&post=245163"}],"curies":[{"name":"wp","href":"https:\/\/api.w.org\/{rel}","templated":true}]}}