{"id":245166,"date":"2021-10-26T14:39:33","date_gmt":"2021-10-26T11:39:33","guid":{"rendered":"http:\/\/107.6.182.27\/tr\/?p=245166"},"modified":"2021-10-27T08:20:52","modified_gmt":"2021-10-27T05:20:52","slug":"misir-gazinin-lubnana-gelisine-iliskin-prosedurleri-takip-edecek-misir-lubnan-gorusmeleri","status":"publish","type":"post","link":"https:\/\/archive.sana.sy\/tr\/?p=245166","title":{"rendered":"M\u0131s\u0131r Gaz\u0131n\u0131n L\u00fcbnan&#8217;a Geli\u015fine \u0130li\u015fkin Prosed\u00fcrleri Takip Edecek M\u0131s\u0131r-L\u00fcbnan G\u00f6r\u00fc\u015fmeleri"},"content":{"rendered":"<p style=\"text-align: justify;\">KAH\u0130RE &#8211; M\u0131s\u0131r Petrol ve Maden Kaynaklar\u0131 Bakan\u0131 Tar\u0131k El Mulla bug\u00fcn Kahire&#8217;de L\u00fcbnan Enerji ve Su Bakan\u0131 Velid Fayyad ile M\u0131s\u0131r gaz\u0131n\u0131n Suriye ve \u00dcrd\u00fcn \u00fczerinden L\u00fcbnan&#8217;a ula\u015fmas\u0131na ili\u015fkin prosed\u00fcrleri g\u00f6r\u00fc\u015ft\u00fc.<\/p>\n<p style=\"text-align: justify;\">M\u0131s\u0131r medyas\u0131 taraf\u0131ndan aktar\u0131lan a\u00e7\u0131klamalar\u0131nda Al Mulla, L\u00fcbnanl\u0131 mevkida\u015f\u0131 ile g\u00f6r\u00fc\u015fmesinin, M\u0131s\u0131r devletinin, ihtiya\u00e7 duyduklar\u0131 gaz kaynaklar\u0131n\u0131 sa\u011flayarak mevcut enerji krizinin \u00fcstesinden gelmeleri i\u00e7in L\u00fcbnanl\u0131 karde\u015fleri destekleme taahh\u00fcd\u00fc \u00e7er\u00e7evesinde, y\u00fcr\u00fctme prosed\u00fcrleri ve M\u0131s\u0131r gaz\u0131n\u0131 L\u00fcbnan&#8217;a getirmek i\u00e7in at\u0131lan ad\u0131mlar\u0131n tart\u0131\u015fmalar\u0131n\u0131n devam\u0131 olarak geldi\u011fini s\u00f6yledi.<\/p>\n<p style=\"text-align: justify;\">Al Mulla, kendisinin ve L\u00fcbnanl\u0131 mevkida\u015f\u0131n\u0131n, her iki \u00fclkedeki petrol ve gaz sekt\u00f6r\u00fcndeki \u00fcst d\u00fczey yetkililer taraf\u0131ndan do\u011fal gaz tedariki anla\u015fmalar\u0131na ili\u015fkin t\u00fcm detaylar\u0131n sonu\u00e7land\u0131r\u0131lmas\u0131 ve zaman \u00e7izelgesi \u00fczerinde anla\u015fmaya var\u0131lmas\u0131 i\u00e7in yap\u0131lan yo\u011fun toplant\u0131lar\u0131 takip etti\u011fini belirtti. gaz\u0131n gelmesi.<\/p>\n<p style=\"text-align: justify;\">Fayyad ise M\u0131s\u0131r gaz\u0131n\u0131n L\u00fcbnan&#8217;a ula\u015fmas\u0131 i\u00e7in gerekli prosed\u00fcrlerin h\u0131zla tamamlanmas\u0131 konusundaki ortak \u00e7\u0131kar\u0131 teyit ederek, Suriye ile L\u00fcbnan&#8217;\u0131 birbirine ba\u011flayan gaz iletim hatt\u0131n\u0131n tamamlanmas\u0131 \u00e7er\u00e7evesinde bir inceleme ve de\u011ferlendirme yap\u0131lmas\u0131 konusunda mutab\u0131k kal\u0131nd\u0131\u011f\u0131n\u0131 da s\u00f6zlerine ekledi.<\/p>\n","protected":false},"excerpt":{"rendered":"<p>KAH\u0130RE &#8211; M\u0131s\u0131r Petrol ve Maden Kaynaklar\u0131 Bakan\u0131 Tar\u0131k El Mulla bug\u00fcn Kahire&#8217;de L\u00fcbnan Enerji ve Su Bakan\u0131 Velid Fayyad ile M\u0131s\u0131r gaz\u0131n\u0131n Suriye ve \u00dcrd\u00fcn \u00fczerinden L\u00fcbnan&#8217;a ula\u015fmas\u0131na ili\u015fkin prosed\u00fcrleri g\u00f6r\u00fc\u015ft\u00fc. M\u0131s\u0131r medyas\u0131 taraf\u0131ndan aktar\u0131lan a\u00e7\u0131klamalar\u0131nda Al Mulla, L\u00fcbnanl\u0131 mevkida\u015f\u0131 ile g\u00f6r\u00fc\u015fmesinin, M\u0131s\u0131r devletinin, ihtiya\u00e7 duyduklar\u0131 gaz kaynaklar\u0131n\u0131 sa\u011flayarak mevcut enerji krizinin \u00fcstesinden gelmeleri &hellip;<\/p>\n","protected":false},"author":1,"featured_media":245167,"comment_status":"closed","ping_status":"closed","sticky":false,"template":"","format":"standard","meta":{"footnotes":""},"categories":[458,459,17988],"tags":[],"class_list":["post-245166","post","type-post","status-publish","format-standard","has-post-thumbnail","","category-dunya1","category-haberler-arap-uluslararasi-politika","category-son-haberler"],"_links":{"self":[{"href":"https:\/\/archive.sana.sy\/tr\/index.php?rest_route=\/wp\/v2\/posts\/245166","targetHints":{"allow":["GET"]}}],"collection":[{"href":"https:\/\/archive.sana.sy\/tr\/index.php?rest_route=\/wp\/v2\/posts"}],"about":[{"href":"https:\/\/archive.sana.sy\/tr\/index.php?rest_route=\/wp\/v2\/types\/post"}],"author":[{"embeddable":true,"href":"https:\/\/archive.sana.sy\/tr\/index.php?rest_route=\/wp\/v2\/users\/1"}],"replies":[{"embeddable":true,"href":"https:\/\/archive.sana.sy\/tr\/index.php?rest_route=%2Fwp%2Fv2%2Fcomments&post=245166"}],"version-history":[{"count":0,"href":"https:\/\/archive.sana.sy\/tr\/index.php?rest_route=\/wp\/v2\/posts\/245166\/revisions"}],"wp:featuredmedia":[{"embeddable":true,"href":"https:\/\/archive.sana.sy\/tr\/index.php?rest_route=\/wp\/v2\/media\/245167"}],"wp:attachment":[{"href":"https:\/\/archive.sana.sy\/tr\/index.php?rest_route=%2Fwp%2Fv2%2Fmedia&parent=245166"}],"wp:term":[{"taxonomy":"category","embeddable":true,"href":"https:\/\/archive.sana.sy\/tr\/index.php?rest_route=%2Fwp%2Fv2%2Fcategories&post=245166"},{"taxonomy":"post_tag","embeddable":true,"href":"https:\/\/archive.sana.sy\/tr\/index.php?rest_route=%2Fwp%2Fv2%2Ftags&post=245166"}],"curies":[{"name":"wp","href":"https:\/\/api.w.org\/{rel}","templated":true}]}}