{"id":245173,"date":"2021-10-26T14:47:30","date_gmt":"2021-10-26T11:47:30","guid":{"rendered":"http:\/\/107.6.182.27\/tr\/?p=245173"},"modified":"2021-10-27T08:21:31","modified_gmt":"2021-10-27T05:21:31","slug":"isgalci-turkiyeden-parali-kiraliklarini-desteklemek-icin-askeri-takviye-gonderiyor","status":"publish","type":"post","link":"https:\/\/archive.sana.sy\/tr\/?p=245173","title":{"rendered":"\u0130\u015fgalci T\u00fcrkiye&#8217;den Paral\u0131 Kiral\u0131klar\u0131n\u0131 Desteklemek \u0130\u00e7in Askeri Takviye G\u00f6nderiyor"},"content":{"rendered":"<p style=\"text-align: justify;\">HASEKE &#8211; Haseke&#8217;nin kuzeybat\u0131 k\u0131rsal\u0131ndaki g\u00fcvenli k\u00f6y ve kasabalara y\u00f6nelik sald\u0131r\u0131lar\u0131n\u0131n yo\u011funla\u015fmas\u0131yla ba\u011flant\u0131l\u0131 olarak, i\u015fgalci T\u00fcrk kuvvetleri Haseke&#8217;nin kuzeybat\u0131 k\u0131rsal\u0131ndaki Rasul Ayn kentinde ter\u00f6rist \u00f6rg\u00fctlerinden kiral\u0131klar\u0131n\u0131 desteklemek i\u00e7in askeri takviyeler g\u00f6nderdi.<\/p>\n<p style=\"text-align: justify;\">Haseke k\u0131rsal\u0131ndaki sivil kaynaklar SANA muhabirine: &#8220;\u0130\u015fgalci T\u00fcrk kuvvetlerine ait askeri takviyeler aras\u0131nda Rasulayn b\u00f6lgesinde ter\u00f6ristlere ula\u015fan ara\u00e7lar, z\u0131rhl\u0131 ara\u00e7lar, asker ta\u015f\u0131y\u0131c\u0131lar, kaliteli silahlar ve lojistik malzemelerin yer ald\u0131\u011f\u0131n\u0131&#8221; s\u00f6yledi.<\/p>\n","protected":false},"excerpt":{"rendered":"<p>HASEKE &#8211; Haseke&#8217;nin kuzeybat\u0131 k\u0131rsal\u0131ndaki g\u00fcvenli k\u00f6y ve kasabalara y\u00f6nelik sald\u0131r\u0131lar\u0131n\u0131n yo\u011funla\u015fmas\u0131yla ba\u011flant\u0131l\u0131 olarak, i\u015fgalci T\u00fcrk kuvvetleri Haseke&#8217;nin kuzeybat\u0131 k\u0131rsal\u0131ndaki Rasul Ayn kentinde ter\u00f6rist \u00f6rg\u00fctlerinden kiral\u0131klar\u0131n\u0131 desteklemek i\u00e7in askeri takviyeler g\u00f6nderdi. Haseke k\u0131rsal\u0131ndaki sivil kaynaklar SANA muhabirine: &#8220;\u0130\u015fgalci T\u00fcrk kuvvetlerine ait askeri takviyeler aras\u0131nda Rasulayn b\u00f6lgesinde ter\u00f6ristlere ula\u015fan ara\u00e7lar, z\u0131rhl\u0131 ara\u00e7lar, asker ta\u015f\u0131y\u0131c\u0131lar, kaliteli silahlar &hellip;<\/p>\n","protected":false},"author":1,"featured_media":245174,"comment_status":"closed","ping_status":"closed","sticky":false,"template":"","format":"standard","meta":{"footnotes":""},"categories":[479,17988,2555,478],"tags":[],"class_list":["post-245173","post","type-post","status-publish","format-standard","has-post-thumbnail","","category-haberler-yerel","category-son-haberler","category-suriye-ve-turkiye","category-yerel"],"_links":{"self":[{"href":"https:\/\/archive.sana.sy\/tr\/index.php?rest_route=\/wp\/v2\/posts\/245173","targetHints":{"allow":["GET"]}}],"collection":[{"href":"https:\/\/archive.sana.sy\/tr\/index.php?rest_route=\/wp\/v2\/posts"}],"about":[{"href":"https:\/\/archive.sana.sy\/tr\/index.php?rest_route=\/wp\/v2\/types\/post"}],"author":[{"embeddable":true,"href":"https:\/\/archive.sana.sy\/tr\/index.php?rest_route=\/wp\/v2\/users\/1"}],"replies":[{"embeddable":true,"href":"https:\/\/archive.sana.sy\/tr\/index.php?rest_route=%2Fwp%2Fv2%2Fcomments&post=245173"}],"version-history":[{"count":0,"href":"https:\/\/archive.sana.sy\/tr\/index.php?rest_route=\/wp\/v2\/posts\/245173\/revisions"}],"wp:featuredmedia":[{"embeddable":true,"href":"https:\/\/archive.sana.sy\/tr\/index.php?rest_route=\/wp\/v2\/media\/245174"}],"wp:attachment":[{"href":"https:\/\/archive.sana.sy\/tr\/index.php?rest_route=%2Fwp%2Fv2%2Fmedia&parent=245173"}],"wp:term":[{"taxonomy":"category","embeddable":true,"href":"https:\/\/archive.sana.sy\/tr\/index.php?rest_route=%2Fwp%2Fv2%2Fcategories&post=245173"},{"taxonomy":"post_tag","embeddable":true,"href":"https:\/\/archive.sana.sy\/tr\/index.php?rest_route=%2Fwp%2Fv2%2Ftags&post=245173"}],"curies":[{"name":"wp","href":"https:\/\/api.w.org\/{rel}","templated":true}]}}