{"id":245179,"date":"2021-10-26T15:46:56","date_gmt":"2021-10-26T12:46:56","guid":{"rendered":"http:\/\/107.6.182.27\/tr\/?p=245179"},"modified":"2021-10-28T08:22:35","modified_gmt":"2021-10-28T05:22:35","slug":"kis-saati-uygulamasi-cuma-gunu-basliyor-2","status":"publish","type":"post","link":"https:\/\/archive.sana.sy\/tr\/?p=245179","title":{"rendered":"K\u0131\u015f Saati Uygulamas\u0131 Cuma G\u00fcn\u00fc Ba\u015fl\u0131yor"},"content":{"rendered":"<p style=\"text-align: justify;\">\u015eAM \u2013 Ba\u015fbakanl\u0131k bug\u00fcn k\u0131\u015f saati uygulamas\u0131n\u0131n 29 Ekim Cuma g\u00fcn\u00fcnden itibaren ba\u015flayaca\u011f\u0131n\u0131 ifade etti.<\/p>\n<p style=\"text-align: justify;\">Ba\u015fbakanl\u0131k, k\u0131\u015f saati uygulamas\u0131n\u0131n gelecek Cuma g\u00fcn\u00fc ba\u015flayaca\u011f\u0131n\u0131 dolay\u0131s\u0131yla Per\u015fembe gece yar\u0131s\u0131ndan itibaren saatlerin 60 dakika geri al\u0131naca\u011f\u0131n\u0131 a\u00e7\u0131klad\u0131.<\/p>\n<p style=\"text-align: justify;\">\n","protected":false},"excerpt":{"rendered":"<p>\u015eAM \u2013 Ba\u015fbakanl\u0131k bug\u00fcn k\u0131\u015f saati uygulamas\u0131n\u0131n 29 Ekim Cuma g\u00fcn\u00fcnden itibaren ba\u015flayaca\u011f\u0131n\u0131 ifade etti. Ba\u015fbakanl\u0131k, k\u0131\u015f saati uygulamas\u0131n\u0131n gelecek Cuma g\u00fcn\u00fc ba\u015flayaca\u011f\u0131n\u0131 dolay\u0131s\u0131yla Per\u015fembe gece yar\u0131s\u0131ndan itibaren saatlerin 60 dakika geri al\u0131naca\u011f\u0131n\u0131 a\u00e7\u0131klad\u0131.<\/p>\n","protected":false},"author":1,"featured_media":245180,"comment_status":"closed","ping_status":"closed","sticky":false,"template":"","format":"standard","meta":{"footnotes":""},"categories":[479,17988,478],"tags":[],"class_list":["post-245179","post","type-post","status-publish","format-standard","has-post-thumbnail","","category-haberler-yerel","category-son-haberler","category-yerel"],"_links":{"self":[{"href":"https:\/\/archive.sana.sy\/tr\/index.php?rest_route=\/wp\/v2\/posts\/245179","targetHints":{"allow":["GET"]}}],"collection":[{"href":"https:\/\/archive.sana.sy\/tr\/index.php?rest_route=\/wp\/v2\/posts"}],"about":[{"href":"https:\/\/archive.sana.sy\/tr\/index.php?rest_route=\/wp\/v2\/types\/post"}],"author":[{"embeddable":true,"href":"https:\/\/archive.sana.sy\/tr\/index.php?rest_route=\/wp\/v2\/users\/1"}],"replies":[{"embeddable":true,"href":"https:\/\/archive.sana.sy\/tr\/index.php?rest_route=%2Fwp%2Fv2%2Fcomments&post=245179"}],"version-history":[{"count":0,"href":"https:\/\/archive.sana.sy\/tr\/index.php?rest_route=\/wp\/v2\/posts\/245179\/revisions"}],"wp:featuredmedia":[{"embeddable":true,"href":"https:\/\/archive.sana.sy\/tr\/index.php?rest_route=\/wp\/v2\/media\/245180"}],"wp:attachment":[{"href":"https:\/\/archive.sana.sy\/tr\/index.php?rest_route=%2Fwp%2Fv2%2Fmedia&parent=245179"}],"wp:term":[{"taxonomy":"category","embeddable":true,"href":"https:\/\/archive.sana.sy\/tr\/index.php?rest_route=%2Fwp%2Fv2%2Fcategories&post=245179"},{"taxonomy":"post_tag","embeddable":true,"href":"https:\/\/archive.sana.sy\/tr\/index.php?rest_route=%2Fwp%2Fv2%2Ftags&post=245179"}],"curies":[{"name":"wp","href":"https:\/\/api.w.org\/{rel}","templated":true}]}}