{"id":245183,"date":"2021-10-26T16:28:47","date_gmt":"2021-10-26T13:28:47","guid":{"rendered":"http:\/\/107.6.182.27\/tr\/?p=245183"},"modified":"2021-10-28T08:22:41","modified_gmt":"2021-10-28T05:22:41","slug":"hukumet-deradaki-uzlasma-bolgeleri-icin-kalkinma-plani-baslatiyor","status":"publish","type":"post","link":"https:\/\/archive.sana.sy\/tr\/?p=245183","title":{"rendered":"H\u00fck\u00fcmet Dera&#8217;daki Uzla\u015fma B\u00f6lgeleri \u0130\u00e7in Kalk\u0131nma Plan\u0131 Ba\u015flat\u0131yor"},"content":{"rendered":"<p style=\"text-align: justify;\">\u015eAM &#8211; Bakanlar Kurulu, Dera ili&#8217;nde uzla\u015fmalar\u0131n tamamland\u0131\u011f\u0131 alanlara y\u00f6nelik olarak okul, su, elektrik, kanalizasyon, ileti\u015fim ve sa\u011fl\u0131k merkezleri gibi altyap\u0131 ve hizmetlerin bak\u0131m ve rehabilitasyonunu da i\u00e7eren bir hizmet ve kalk\u0131nma plan\u0131n\u0131n ba\u015flat\u0131lmas\u0131na, il halk\u0131na konsolosluk hizmeti vermek \u00fczere bir konsolosluk merkezi a\u00e7ma karar\u0131 ald\u0131.<\/p>\n<p style=\"text-align: justify;\">M\u00fch. H\u00fcseyin Arnus ba\u015fkanl\u0131\u011f\u0131ndaki bug\u00fcnk\u00fc haftal\u0131k oturumunda Kabine, elektronik kart yoluyla verilen miktarlar\u0131 desteklemek i\u00e7in petrol t\u00fcrevlerini maliyetle satmak i\u00e7in valiliklerde bir dizi benzin istasyonu tahsis etme olas\u0131l\u0131\u011f\u0131n\u0131 ara\u015ft\u0131rmak \u00fczere ilgili makamlar\u0131 g\u00f6revlendirmeye karar verdi.<\/p>\n<p style=\"text-align: justify;\">Ba\u015fbakan, petrol t\u00fcrevlerinin miktarlar\u0131n\u0131 vatanda\u015flar\u0131n ve hem end\u00fcstriyel hem de tar\u0131msal \u00fcretim sekt\u00f6r\u00fcn\u00fcn ihtiya\u00e7lar\u0131n\u0131 g\u00fcvence alt\u0131na alacak \u015fekilde art\u0131rmak i\u00e7in her t\u00fcrl\u00fc \u00e7aban\u0131n devam etti\u011fini vurgulad\u0131.<\/p>\n<p style=\"text-align: justify;\">Konsey, Halep Valili\u011fi&#8217;nde yarg\u0131 \u00e7al\u0131\u015fmalar\u0131n\u0131 otomatikle\u015ftirmek i\u00e7in bilgisayar, elektrik ve ileti\u015fim a\u011f\u0131 uygulama projesini tamamlamay\u0131 kabul etti.<\/p>\n<p style=\"text-align: justify;\">\n","protected":false},"excerpt":{"rendered":"<p>\u015eAM &#8211; Bakanlar Kurulu, Dera ili&#8217;nde uzla\u015fmalar\u0131n tamamland\u0131\u011f\u0131 alanlara y\u00f6nelik olarak okul, su, elektrik, kanalizasyon, ileti\u015fim ve sa\u011fl\u0131k merkezleri gibi altyap\u0131 ve hizmetlerin bak\u0131m ve rehabilitasyonunu da i\u00e7eren bir hizmet ve kalk\u0131nma plan\u0131n\u0131n ba\u015flat\u0131lmas\u0131na, il halk\u0131na konsolosluk hizmeti vermek \u00fczere bir konsolosluk merkezi a\u00e7ma karar\u0131 ald\u0131. M\u00fch. H\u00fcseyin Arnus ba\u015fkanl\u0131\u011f\u0131ndaki bug\u00fcnk\u00fc haftal\u0131k oturumunda Kabine, elektronik &hellip;<\/p>\n","protected":false},"author":1,"featured_media":245184,"comment_status":"closed","ping_status":"closed","sticky":false,"template":"","format":"standard","meta":{"footnotes":""},"categories":[479,17988,478],"tags":[],"class_list":["post-245183","post","type-post","status-publish","format-standard","has-post-thumbnail","","category-haberler-yerel","category-son-haberler","category-yerel"],"_links":{"self":[{"href":"https:\/\/archive.sana.sy\/tr\/index.php?rest_route=\/wp\/v2\/posts\/245183","targetHints":{"allow":["GET"]}}],"collection":[{"href":"https:\/\/archive.sana.sy\/tr\/index.php?rest_route=\/wp\/v2\/posts"}],"about":[{"href":"https:\/\/archive.sana.sy\/tr\/index.php?rest_route=\/wp\/v2\/types\/post"}],"author":[{"embeddable":true,"href":"https:\/\/archive.sana.sy\/tr\/index.php?rest_route=\/wp\/v2\/users\/1"}],"replies":[{"embeddable":true,"href":"https:\/\/archive.sana.sy\/tr\/index.php?rest_route=%2Fwp%2Fv2%2Fcomments&post=245183"}],"version-history":[{"count":0,"href":"https:\/\/archive.sana.sy\/tr\/index.php?rest_route=\/wp\/v2\/posts\/245183\/revisions"}],"wp:featuredmedia":[{"embeddable":true,"href":"https:\/\/archive.sana.sy\/tr\/index.php?rest_route=\/wp\/v2\/media\/245184"}],"wp:attachment":[{"href":"https:\/\/archive.sana.sy\/tr\/index.php?rest_route=%2Fwp%2Fv2%2Fmedia&parent=245183"}],"wp:term":[{"taxonomy":"category","embeddable":true,"href":"https:\/\/archive.sana.sy\/tr\/index.php?rest_route=%2Fwp%2Fv2%2Fcategories&post=245183"},{"taxonomy":"post_tag","embeddable":true,"href":"https:\/\/archive.sana.sy\/tr\/index.php?rest_route=%2Fwp%2Fv2%2Ftags&post=245183"}],"curies":[{"name":"wp","href":"https:\/\/api.w.org\/{rel}","templated":true}]}}