{"id":245197,"date":"2021-10-27T11:07:54","date_gmt":"2021-10-27T08:07:54","guid":{"rendered":"http:\/\/107.6.182.27\/tr\/?p=245197"},"modified":"2021-10-28T08:22:56","modified_gmt":"2021-10-28T05:22:56","slug":"lubnanli-bakan-suriye-topraklarindan-gecis-konusunda-isbirligi-gosterdi","status":"publish","type":"post","link":"https:\/\/archive.sana.sy\/tr\/?p=245197","title":{"rendered":"L\u00fcbnanl\u0131 Bakan: Suriye, Topraklar\u0131ndan Ge\u00e7i\u015f Konusunda \u0130\u015fbirli\u011fi G\u00f6sterdi"},"content":{"rendered":"<p>BEYRUT \u2013 L\u00fcbnan Bay\u0131nd\u0131rl\u0131k ve Ula\u015ft\u0131rma Bakan\u0131 Ali Hamiye, Suriye&#8217;nin kendi topraklar\u0131ndan transit ge\u00e7i\u015f konusunda tam i\u015fbirli\u011fi yapmaya istekli oldu\u011funu belirtirken, iki karde\u015f \u00fclke aras\u0131ndaki ileti\u015fim ve koordinasyonun, kendilerini ilgilendiren konular\u0131n ele al\u0131nmas\u0131 i\u00e7in gerekli oldu\u011funu belirtti.<\/p>\n<p>Hamiye yapt\u0131\u011f\u0131 a\u00e7\u0131klamada, Suriye taraf\u0131 ile Suriye topraklar\u0131ndan transit ge\u00e7i\u015f konusunda bir dizi g\u00f6r\u00fc\u015fme yap\u0131ld\u0131\u011f\u0131n\u0131 ve Suriye taraf\u0131n\u0131n tam i\u015fbirli\u011fini ifade etti\u011fini belirtti.<\/p>\n<p>Hamiye, mevcut durumda uygun \u00e7er\u00e7evelerin belirlenmesi ve iki \u00fclke yarar\u0131na ortak paydalar\u0131n bulunmas\u0131 i\u00e7in teknik ko\u015fullar\u0131n tart\u0131\u015f\u0131ld\u0131\u011f\u0131na dikkat \u00e7ekti.<\/p>\n","protected":false},"excerpt":{"rendered":"<p>BEYRUT \u2013 L\u00fcbnan Bay\u0131nd\u0131rl\u0131k ve Ula\u015ft\u0131rma Bakan\u0131 Ali Hamiye, Suriye&#8217;nin kendi topraklar\u0131ndan transit ge\u00e7i\u015f konusunda tam i\u015fbirli\u011fi yapmaya istekli oldu\u011funu belirtirken, iki karde\u015f \u00fclke aras\u0131ndaki ileti\u015fim ve koordinasyonun, kendilerini ilgilendiren konular\u0131n ele al\u0131nmas\u0131 i\u00e7in gerekli oldu\u011funu belirtti. Hamiye yapt\u0131\u011f\u0131 a\u00e7\u0131klamada, Suriye taraf\u0131 ile Suriye topraklar\u0131ndan transit ge\u00e7i\u015f konusunda bir dizi g\u00f6r\u00fc\u015fme yap\u0131ld\u0131\u011f\u0131n\u0131 ve Suriye taraf\u0131n\u0131n &hellip;<\/p>\n","protected":false},"author":36,"featured_media":245198,"comment_status":"closed","ping_status":"closed","sticky":false,"template":"","format":"standard","meta":{"footnotes":""},"categories":[458,459,17988],"tags":[],"class_list":["post-245197","post","type-post","status-publish","format-standard","has-post-thumbnail","","category-dunya1","category-haberler-arap-uluslararasi-politika","category-son-haberler"],"_links":{"self":[{"href":"https:\/\/archive.sana.sy\/tr\/index.php?rest_route=\/wp\/v2\/posts\/245197","targetHints":{"allow":["GET"]}}],"collection":[{"href":"https:\/\/archive.sana.sy\/tr\/index.php?rest_route=\/wp\/v2\/posts"}],"about":[{"href":"https:\/\/archive.sana.sy\/tr\/index.php?rest_route=\/wp\/v2\/types\/post"}],"author":[{"embeddable":true,"href":"https:\/\/archive.sana.sy\/tr\/index.php?rest_route=\/wp\/v2\/users\/36"}],"replies":[{"embeddable":true,"href":"https:\/\/archive.sana.sy\/tr\/index.php?rest_route=%2Fwp%2Fv2%2Fcomments&post=245197"}],"version-history":[{"count":0,"href":"https:\/\/archive.sana.sy\/tr\/index.php?rest_route=\/wp\/v2\/posts\/245197\/revisions"}],"wp:featuredmedia":[{"embeddable":true,"href":"https:\/\/archive.sana.sy\/tr\/index.php?rest_route=\/wp\/v2\/media\/245198"}],"wp:attachment":[{"href":"https:\/\/archive.sana.sy\/tr\/index.php?rest_route=%2Fwp%2Fv2%2Fmedia&parent=245197"}],"wp:term":[{"taxonomy":"category","embeddable":true,"href":"https:\/\/archive.sana.sy\/tr\/index.php?rest_route=%2Fwp%2Fv2%2Fcategories&post=245197"},{"taxonomy":"post_tag","embeddable":true,"href":"https:\/\/archive.sana.sy\/tr\/index.php?rest_route=%2Fwp%2Fv2%2Ftags&post=245197"}],"curies":[{"name":"wp","href":"https:\/\/api.w.org\/{rel}","templated":true}]}}